{"id":50578,"date":"2025-08-22T20:35:00","date_gmt":"2025-08-22T17:35:00","guid":{"rendered":"https:\/\/www.egemtv.com\/?p=50578"},"modified":"2025-08-22T20:35:01","modified_gmt":"2025-08-22T17:35:01","slug":"didim-amfi-tiyatroda-sanat-dolu-yaz-konseri","status":"publish","type":"post","link":"https:\/\/www.egemtv.com\/?p=50578","title":{"rendered":"Didim Amfi Tiyatro\u2019da sanat dolu yaz konseri"},"content":{"rendered":"<p>Didim Belediyesi\u2019nin d\u00fczenledi\u011fi Yaz \u015eenlikleri, sanat dolu bir geceye daha ev sahipli\u011fi yapt\u0131. Etkinlikler kapsam\u0131nda sahneye \u00e7\u0131kan D\u0130KSAD T\u00fcrk Sanat M\u00fczi\u011fi Korosu, seslendirdi\u011fi birbirinden de\u011ferli eserlerle Didim halk\u0131na unutulmaz bir konser ya\u015fatt\u0131.<\/p>\n<p>Gece boyunca T\u00fcrk Sanat M\u00fczi\u011fi\u2019nin se\u00e7kin eserlerini \u00f6zenle yorumlayan koro, dinleyicilere hem nostaljik hem de duygu y\u00fckl\u00fc anlar ya\u015fatt\u0131. Didimliler, zaman zaman sahnedeki eserlere e\u015flik ederek co\u015fkuya ortak oldu. Sanat\u0131n birle\u015ftirici g\u00fcc\u00fcn\u00fcn en g\u00fczel \u015fekilde hissedildi\u011fi konser, yaz \u015fenliklerinin en anlaml\u0131 gecelerinden biri olarak haf\u0131zalarda yerini ald\u0131.<\/p>\n<p>Sanatseverlerin yo\u011fun ilgi g\u00f6sterdi\u011fi etkinlikte, Amfi Tiyatro\u2019yu dolduran halk b\u00fcy\u00fck bir keyif ya\u015fad\u0131.<\/p>\n<p>Konsere ili\u015fkin de\u011ferlendirmede bulunan Didim Belediye Ba\u015fkan\u0131 Hatice Gen\u00e7ay, &#8220;Bu ak\u015fam T\u00fcrk Sanat M\u00fczi\u011fi\u2019nin de\u011ferli eserleriyle hep birlikte unutulmaz bir gece ya\u015fad\u0131k. D\u0130KSAD T\u00fcrk Sanat M\u00fczi\u011fi Korosu\u2019na sahnemizi ve kalplerimizi g\u00fczelle\u015ftirdikleri i\u00e7in te\u015fekk\u00fcr ediyorum. Kat\u0131l\u0131mlar\u0131yla bu co\u015fkuya ortak olan halk\u0131m\u0131za da ayr\u0131ca \u015f\u00fckranlar\u0131m\u0131 sunuyorum. Yaz boyunca k\u00fclt\u00fcr ve sanat etkinliklerimiz h\u0131z kesmeden s\u00fcrecek; Didim\u2019in k\u00fclt\u00fcrel ya\u015fam\u0131na de\u011fer katmaya devam edece\u011fiz&#8221; dedi.<br \/><\/p>\n","protected":false},"excerpt":{"rendered":"<p>Didim Belediyesi\u2019nin d\u00fczenledi\u011fi Yaz \u015eenlikleri, sanat dolu bir geceye daha ev sahipli\u011fi yapt\u0131. Etkinlikler kapsam\u0131nda sahneye \u00e7\u0131kan D\u0130KSAD T\u00fcrk Sanat M\u00fczi\u011fi Korosu, seslendirdi\u011fi birbirinden de\u011ferli eserlerle Didim halk\u0131na unutulmaz bir konser ya\u015fatt\u0131. Gece boyunca T\u00fcrk Sanat M\u00fczi\u011fi\u2019nin se\u00e7kin eserlerini \u00f6zenle yorumlayan koro, dinleyicilere hem nostaljik hem de duygu y\u00fckl\u00fc anlar ya\u015fatt\u0131. Didimliler, zaman zaman sahnedeki&#8230;<\/p>\n","protected":false},"author":1,"featured_media":50579,"comment_status":"open","ping_status":"open","sticky":false,"template":"","format":"standard","meta":{"_crdt_document":"","footnotes":""},"categories":[1],"tags":[],"class_list":["post-50578","post","type-post","status-publish","format-standard","has-post-thumbnail","hentry","category-guncel"],"_links":{"self":[{"href":"https:\/\/www.egemtv.com\/index.php?rest_route=\/wp\/v2\/posts\/50578","targetHints":{"allow":["GET"]}}],"collection":[{"href":"https:\/\/www.egemtv.com\/index.php?rest_route=\/wp\/v2\/posts"}],"about":[{"href":"https:\/\/www.egemtv.com\/index.php?rest_route=\/wp\/v2\/types\/post"}],"author":[{"embeddable":true,"href":"https:\/\/www.egemtv.com\/index.php?rest_route=\/wp\/v2\/users\/1"}],"replies":[{"embeddable":true,"href":"https:\/\/www.egemtv.com\/index.php?rest_route=%2Fwp%2Fv2%2Fcomments&post=50578"}],"version-history":[{"count":1,"href":"https:\/\/www.egemtv.com\/index.php?rest_route=\/wp\/v2\/posts\/50578\/revisions"}],"predecessor-version":[{"id":50580,"href":"https:\/\/www.egemtv.com\/index.php?rest_route=\/wp\/v2\/posts\/50578\/revisions\/50580"}],"wp:featuredmedia":[{"embeddable":true,"href":"https:\/\/www.egemtv.com\/index.php?rest_route=\/wp\/v2\/media\/50579"}],"wp:attachment":[{"href":"https:\/\/www.egemtv.com\/index.php?rest_route=%2Fwp%2Fv2%2Fmedia&parent=50578"}],"wp:term":[{"taxonomy":"category","embeddable":true,"href":"https:\/\/www.egemtv.com\/index.php?rest_route=%2Fwp%2Fv2%2Fcategories&post=50578"},{"taxonomy":"post_tag","embeddable":true,"href":"https:\/\/www.egemtv.com\/index.php?rest_route=%2Fwp%2Fv2%2Ftags&post=50578"}],"curies":[{"name":"wp","href":"https:\/\/api.w.org\/{rel}","templated":true}]}}