{"id":50575,"date":"2025-08-22T20:14:38","date_gmt":"2025-08-22T17:14:38","guid":{"rendered":"https:\/\/www.egemtv.com\/?p=50575"},"modified":"2025-08-22T20:14:40","modified_gmt":"2025-08-22T17:14:40","slug":"buharkentte-orman-yangini","status":"publish","type":"post","link":"https:\/\/www.egemtv.com\/?p=50575","title":{"rendered":"Buharkent\u2019te orman yang\u0131n\u0131"},"content":{"rendered":"<p>Ayd\u0131n\u2019\u0131n Buharkent Mahallesi\u2019nde \u00e7\u0131kan orman yang\u0131n\u0131 ekiplerin h\u0131zl\u0131 m\u00fcdahalesi ile b\u00fcy\u00fcmeden s\u00f6nd\u00fcr\u00fcld\u00fc.<\/p>\n<p>Yang\u0131n, Feslek Mahallesi Organize Sanayi B\u00f6lgesi \u00fcst taraf\u0131ndaki ormanl\u0131k alanda meydana geldi. Edinilen bilgiye g\u00f6re, b\u00f6lgedeki ormanl\u0131k alanda hen\u00fcz bilinmeyen bir nedenle yang\u0131n \u00e7\u0131kt\u0131. Alevleri fark eden vatanda\u015flar durumu 112 Acil \u00c7a\u011fr\u0131 Merkezi\u2019ne bildirdi. \u0130hbar \u00fczerine b\u00f6lgeye itfaiye ve orman ekipleri sevk edildi. K\u0131sa s\u00fcrede olay yerine gelen Mu\u011fla Orman B\u00f6lge M\u00fcd\u00fcrl\u00fc\u011f\u00fc ve Ayd\u0131n B\u00fcy\u00fck\u015fehir Belediyesi \u0130tfaiye Daire Ba\u015fkanl\u0131\u011f\u0131 ekipleri alevlere m\u00fcdahale etti. Hava ara\u00e7lar\u0131n\u0131n da sortileri ile destek verdi\u011fi yang\u0131n havadan ve karadan yap\u0131lan yo\u011fun m\u00fcdahaleler sonucunda b\u00fcy\u00fcmeden s\u00f6nd\u00fcr\u00fcld\u00fc.<\/p>\n<p>Olayla ilgili soru\u015fturma s\u00fcr\u00fcyor.<br \/><\/p>\n","protected":false},"excerpt":{"rendered":"<p>Ayd\u0131n\u2019\u0131n Buharkent Mahallesi\u2019nde \u00e7\u0131kan orman yang\u0131n\u0131 ekiplerin h\u0131zl\u0131 m\u00fcdahalesi ile b\u00fcy\u00fcmeden s\u00f6nd\u00fcr\u00fcld\u00fc. Yang\u0131n, Feslek Mahallesi Organize Sanayi B\u00f6lgesi \u00fcst taraf\u0131ndaki ormanl\u0131k alanda meydana geldi. Edinilen bilgiye g\u00f6re, b\u00f6lgedeki ormanl\u0131k alanda hen\u00fcz bilinmeyen bir nedenle yang\u0131n \u00e7\u0131kt\u0131. Alevleri fark eden vatanda\u015flar durumu 112 Acil \u00c7a\u011fr\u0131 Merkezi\u2019ne bildirdi. \u0130hbar \u00fczerine b\u00f6lgeye itfaiye ve orman ekipleri sevk edildi&#8230;.<\/p>\n","protected":false},"author":1,"featured_media":50576,"comment_status":"open","ping_status":"open","sticky":false,"template":"","format":"standard","meta":{"_crdt_document":"","footnotes":""},"categories":[5],"tags":[],"class_list":["post-50575","post","type-post","status-publish","format-standard","has-post-thumbnail","hentry","category-asayis"],"_links":{"self":[{"href":"https:\/\/www.egemtv.com\/index.php?rest_route=\/wp\/v2\/posts\/50575","targetHints":{"allow":["GET"]}}],"collection":[{"href":"https:\/\/www.egemtv.com\/index.php?rest_route=\/wp\/v2\/posts"}],"about":[{"href":"https:\/\/www.egemtv.com\/index.php?rest_route=\/wp\/v2\/types\/post"}],"author":[{"embeddable":true,"href":"https:\/\/www.egemtv.com\/index.php?rest_route=\/wp\/v2\/users\/1"}],"replies":[{"embeddable":true,"href":"https:\/\/www.egemtv.com\/index.php?rest_route=%2Fwp%2Fv2%2Fcomments&post=50575"}],"version-history":[{"count":1,"href":"https:\/\/www.egemtv.com\/index.php?rest_route=\/wp\/v2\/posts\/50575\/revisions"}],"predecessor-version":[{"id":50577,"href":"https:\/\/www.egemtv.com\/index.php?rest_route=\/wp\/v2\/posts\/50575\/revisions\/50577"}],"wp:featuredmedia":[{"embeddable":true,"href":"https:\/\/www.egemtv.com\/index.php?rest_route=\/wp\/v2\/media\/50576"}],"wp:attachment":[{"href":"https:\/\/www.egemtv.com\/index.php?rest_route=%2Fwp%2Fv2%2Fmedia&parent=50575"}],"wp:term":[{"taxonomy":"category","embeddable":true,"href":"https:\/\/www.egemtv.com\/index.php?rest_route=%2Fwp%2Fv2%2Fcategories&post=50575"},{"taxonomy":"post_tag","embeddable":true,"href":"https:\/\/www.egemtv.com\/index.php?rest_route=%2Fwp%2Fv2%2Ftags&post=50575"}],"curies":[{"name":"wp","href":"https:\/\/api.w.org\/{rel}","templated":true}]}}