{"id":50572,"date":"2025-08-22T20:14:38","date_gmt":"2025-08-22T17:14:38","guid":{"rendered":"https:\/\/www.egemtv.com\/?p=50572"},"modified":"2025-08-22T20:14:38","modified_gmt":"2025-08-22T17:14:38","slug":"denizliden-gidip-savas-kiyafetitle-malazgirt-kalesini-yeniden-fethetti","status":"publish","type":"post","link":"https:\/\/www.egemtv.com\/?p=50572","title":{"rendered":"Denizli\u2019den gidip sava\u015f k\u0131yafetitle Malazgirt Kalesini yeniden fethetti"},"content":{"rendered":"<p>Denizli\u2019nin Tavas il\u00e7esinden Malazgirt sevdal\u0131s\u0131 Hac\u0131 Hasan Keskin, y\u0131llar \u00f6nce askerlik yapt\u0131\u011f\u0131 topraklara bu kez bamba\u015fka bir \u015fekilde d\u00f6nd\u00fc. Sultan Alparslan\u2019a olan derin sevgisi ve Malazgirt\u2019e ba\u011fl\u0131l\u0131\u011f\u0131 ile tan\u0131nan Keskin, bu y\u0131l da il\u00e7ede b\u00fcy\u00fck ilgi toplad\u0131.<br \/>\n<br \/>1974 y\u0131l\u0131nda askerlik g\u00f6revini Malazgirt\u2019te yapan Hac\u0131 Hasan Keskin, o g\u00fcnlerde hissetti\u011fi Sultan Alparslan ruhunu h\u00e2l\u00e2 ya\u015fat\u0131yor. Her y\u0131l d\u00fczenli olarak Malazgirt\u2019e gelen Keskin, kendisine \u00f6zel dikilen Sel\u00e7uklu k\u0131yafetiyle il\u00e7ede adeta tarihten f\u0131rlam\u0131\u015f bir karakter gibi dola\u015f\u0131yor.<\/p>\n<p>&#8220;Alanlar\u0131 kar\u0131\u015f kar\u0131\u015f gezdi&#8221;<br \/>\n<br \/>Kutlama etkinliklerinin yap\u0131laca\u011f\u0131 meydanlar\u0131, Cumhurba\u015fkan\u0131 Recep Tayyip Erdo\u011fan\u2019\u0131n hitap edece\u011fi alanlar\u0131 Sel\u00e7uklu k\u0131yafetiyle gezen Keskin, Han \u00c7ad\u0131r\u0131\u2019nda ba\u011fda\u015f kurarak 944 y\u0131l \u00f6ncesine gitti\u011fini s\u00f6yledi. K\u0131yafetiyle birlikte vatanda\u015flarla foto\u011fraf \u00e7ektiren ve sohbet eden Keskin, halktan yo\u011fun ilgi g\u00f6rd\u00fc.<\/p>\n<p>&#8220;Malazgirt Kalesi\u2019nde tarihi an&#8221;<br \/>\n<br \/>Program\u0131n en dikkat \u00e7eken an\u0131 ise Keskin\u2019in, Sultan Alparslan\u2019\u0131n 1071\u2019de fethetti\u011fi Malazgirt Kalesi\u2019ni sembolik olarak yeniden fethetmesi oldu. Bur\u00e7lara \u00e7\u0131karak Malazgirt\u2019i seyre dalan Keskin, &#8220;Bu manzara bana hem Sultan Alparslan\u2019\u0131 hem de askerlik y\u0131llar\u0131m\u0131 hat\u0131rlat\u0131yor. Malazgirt bizim kalbimizdeki en b\u00fcy\u00fck zaferin ad\u0131&#8221; dedi.<br \/>\n<br \/>Malazgirt sokaklar\u0131nda Sel\u00e7uklu k\u0131yafetiyle y\u00fcr\u00fcyen Keskin, \u00e7ocuklar\u0131n ve gen\u00e7lerin de ilgi oda\u011f\u0131 oldu. Bir\u00e7ok ki\u015fi onunla hat\u0131ra foto\u011fraf\u0131 \u00e7ektirirken, baz\u0131 vatanda\u015flar &#8220;Bu ruh Malazgirt\u2019in as\u0131l kimli\u011fini yans\u0131t\u0131yor&#8221; diyerek duyduklar\u0131 memnuniyeti dile getirdi.<\/p>\n<p>&#8220;Sultan Alparslan ruhu hep ya\u015fayacak&#8221;<br \/>\n<br \/>Sultan Alparslan\u2019\u0131n ruhunun hep ya\u015fayaca\u011f\u0131n\u0131 s\u00f6yleyen Keskin, &#8220;Bana Sultan Alparslan ruhu burada 1974 y\u0131l\u0131nda askerlik yaparken i\u015flendi. 5 y\u0131ld\u0131r bu k\u0131yafeti giyerek T\u00fcrkiye\u2019yi dola\u015f\u0131yorum. Benim i\u00e7in Malazgirt bir toprak par\u00e7as\u0131ndan \u00e7ok daha fazlas\u0131. 1071\u2019de a\u00e7\u0131lan kap\u0131n\u0131n anlam\u0131n\u0131 her geli\u015fimde bir kez daha ya\u015f\u0131yorum. Sultan Alparslan ve \u015fehitlerimizin ruhu burada dola\u015f\u0131yor. Bu y\u00fczden k\u0131yafetimi giyip buraya geliyorum. Hem ge\u00e7mi\u015fi ya\u015fat\u0131yor hem de gen\u00e7 nesillere aktar\u0131yorum&#8221; dedi<\/p>\n<p>&#8220;Malazgirt\u2019te sembol haline geldi&#8221;<br \/>\n<br \/>Her y\u0131l Sel\u00e7uklu k\u0131yafetiyle kutlamalara renk katan Hac\u0131 Hasan Keskin, art\u0131k Malazgirt halk\u0131 i\u00e7in bir gelenek haline geldi. \u0130l\u00e7eye her geli\u015finde hem tarihi ruhu ya\u015fat\u0131yor hem de ziyaret\u00e7ilerin ilgisini \u00e7ekiyor. Ayr\u0131ca, vatanseverli\u011fiyle de tan\u0131nan Hac\u0131 Hasan Keskin, Mehmet\u00e7ik Vakf\u0131\u2019na tam d\u00f6rt daire ba\u011f\u0131\u015flad\u0131\u011f\u0131n\u0131 belirterek bu \u00fclkeye olan ba\u011fl\u0131l\u0131\u011f\u0131n\u0131 bir kez daha g\u00f6zler \u00f6n\u00fcne serdi. \u00dc\u00e7 dil bilen Keskin, yaln\u0131zca ge\u00e7mi\u015fin izlerini ta\u015f\u0131makla kalm\u0131yor, ayn\u0131 zamanda g\u00fcn\u00fcm\u00fcz insanlar\u0131na da \u00f6rnek bir ya\u015fam sunuyor. Malazgirt halk\u0131, her y\u0131l il\u00e7eye gelen Hac\u0131 Hasan Keskin\u2019in Sultan Alparslan\u2019a olan sevgisini ve g\u00f6sterdi\u011fi ba\u011fl\u0131l\u0131\u011f\u0131 takdirle kar\u015f\u0131l\u0131yor. Keskin\u2019in bu derin ba\u011fl\u0131l\u0131\u011f\u0131, ge\u00e7mi\u015fle bug\u00fcn\u00fc birle\u015ftiren ve gelece\u011fe \u0131\u015f\u0131k tutan bir \u00f6rnek olarak ya\u015fat\u0131lmaya devam ediyor.<br \/><\/p>\n","protected":false},"excerpt":{"rendered":"<p>Denizli\u2019nin Tavas il\u00e7esinden Malazgirt sevdal\u0131s\u0131 Hac\u0131 Hasan Keskin, y\u0131llar \u00f6nce askerlik yapt\u0131\u011f\u0131 topraklara bu kez bamba\u015fka bir \u015fekilde d\u00f6nd\u00fc. Sultan Alparslan\u2019a olan derin sevgisi ve Malazgirt\u2019e ba\u011fl\u0131l\u0131\u011f\u0131 ile tan\u0131nan Keskin, bu y\u0131l da il\u00e7ede b\u00fcy\u00fck ilgi toplad\u0131. 1974 y\u0131l\u0131nda askerlik g\u00f6revini Malazgirt\u2019te yapan Hac\u0131 Hasan Keskin, o g\u00fcnlerde hissetti\u011fi Sultan Alparslan ruhunu h\u00e2l\u00e2 ya\u015fat\u0131yor. Her&#8230;<\/p>\n","protected":false},"author":1,"featured_media":50573,"comment_status":"open","ping_status":"open","sticky":false,"template":"","format":"standard","meta":{"_crdt_document":"","footnotes":""},"categories":[123],"tags":[],"class_list":["post-50572","post","type-post","status-publish","format-standard","has-post-thumbnail","hentry","category-gundem"],"_links":{"self":[{"href":"https:\/\/www.egemtv.com\/index.php?rest_route=\/wp\/v2\/posts\/50572","targetHints":{"allow":["GET"]}}],"collection":[{"href":"https:\/\/www.egemtv.com\/index.php?rest_route=\/wp\/v2\/posts"}],"about":[{"href":"https:\/\/www.egemtv.com\/index.php?rest_route=\/wp\/v2\/types\/post"}],"author":[{"embeddable":true,"href":"https:\/\/www.egemtv.com\/index.php?rest_route=\/wp\/v2\/users\/1"}],"replies":[{"embeddable":true,"href":"https:\/\/www.egemtv.com\/index.php?rest_route=%2Fwp%2Fv2%2Fcomments&post=50572"}],"version-history":[{"count":1,"href":"https:\/\/www.egemtv.com\/index.php?rest_route=\/wp\/v2\/posts\/50572\/revisions"}],"predecessor-version":[{"id":50574,"href":"https:\/\/www.egemtv.com\/index.php?rest_route=\/wp\/v2\/posts\/50572\/revisions\/50574"}],"wp:featuredmedia":[{"embeddable":true,"href":"https:\/\/www.egemtv.com\/index.php?rest_route=\/wp\/v2\/media\/50573"}],"wp:attachment":[{"href":"https:\/\/www.egemtv.com\/index.php?rest_route=%2Fwp%2Fv2%2Fmedia&parent=50572"}],"wp:term":[{"taxonomy":"category","embeddable":true,"href":"https:\/\/www.egemtv.com\/index.php?rest_route=%2Fwp%2Fv2%2Fcategories&post=50572"},{"taxonomy":"post_tag","embeddable":true,"href":"https:\/\/www.egemtv.com\/index.php?rest_route=%2Fwp%2Fv2%2Ftags&post=50572"}],"curies":[{"name":"wp","href":"https:\/\/api.w.org\/{rel}","templated":true}]}}