{"id":50569,"date":"2025-08-22T20:14:37","date_gmt":"2025-08-22T17:14:37","guid":{"rendered":"https:\/\/www.egemtv.com\/?p=50569"},"modified":"2025-08-22T20:14:38","modified_gmt":"2025-08-22T17:14:38","slug":"fethiyespor-teknik-direktoru-dincele-cifte-dogum-gunu-kutlamasi","status":"publish","type":"post","link":"https:\/\/www.egemtv.com\/?p=50569","title":{"rendered":"Fethiyespor Teknik direkt\u00f6r\u00fc Din\u00e7el\u2019e \u00c7ifte Do\u011fum G\u00fcn\u00fc Kutlamas\u0131"},"content":{"rendered":"<p>TFF 2.Lig K\u0131rm\u0131z\u0131 Grup\u2019ta m\u00fccadele eden Fethiyespor\u2019da Teknik Direkt\u00f6r Selahaddin Din\u00e7el\u2019e futbolcular ve Fethiyespor Taraftarlar Derne\u011fi ayr\u0131 ayr\u0131 do\u011fum g\u00fcn\u00fc kutlamas\u0131 ger\u00e7ekle\u015ftirdi.<\/p>\n<p>Fethiyespor\u2019un tecr\u00fcbeli teknik direkt\u00f6r\u00fc Selahaddin Din\u00e7el\u2019e Fethiyespor Taraftarlar Derne\u011fi do\u011fum g\u00fcn\u00fc pastas\u0131 haz\u0131rlatarak s\u00fcrpriz bir kutlama ger\u00e7ekle\u015ftirdi. Taraftarlar Derne\u011fi Ba\u015fkan\u0131 \u00d6zkan H\u0131r\u00e7\u0131n ve y\u00f6netim kurulu \u00fcyeleri haz\u0131rlatt\u0131klar\u0131 do\u011fum g\u00fcn\u00fc pastas\u0131yla Teknik Direkt\u00f6r Selahaddin Din\u00e7el\u2019e ziyarette bulundular. 50 ya\u015f\u0131na basan Teknik Direkt\u00f6r Selahaddin Din\u00e7el, Taraftarlar Derne\u011fi\u2019nin s\u00fcrpriz do\u011fum g\u00fcn\u00fc kutlamas\u0131na te\u015fekk\u00fcr etti. Daha sonra antrenmana \u00e7\u0131kan Selahaddin Din\u00e7el\u2019e bu kez do\u011fum g\u00fcn\u00fc pastas\u0131 futbolculardan geldi. Fethiyespor kaptan\u0131 Serdar \u00dcmit Deniz futbolcu arkada\u015flar\u0131yla Teknik Direkt\u00f6r Selahaddin Din\u00e7el\u2019e saha ortas\u0131nda do\u011fum g\u00fcn\u00fc pastas\u0131 ikram ettiler. Kaptan Serdar \u00dcmit Deniz, &#8220;Hocam\u0131z olarak size yeni ya\u015f\u0131n\u0131zda sa\u011fl\u0131k, ba\u015far\u0131 ve mutluluklar diliyoruz.&#8221; ifadelerini kuland\u0131.<br \/>\n<br \/>Teknik Direkt\u00f6r Selahaddin Din\u00e7el de futbolcular\u0131na te\u015fekk\u00fcr etti. Fethiyespor do\u011fum g\u00fcn\u00fc kutlamas\u0131n\u0131n ard\u0131ndan hafta sonunda deplasmanda oynayaca\u011f\u0131 Ankara Demirspor ma\u00e7\u0131n\u0131n haz\u0131rl\u0131klar\u0131n\u0131 s\u00fcrd\u00fcrd\u00fc.<br \/><\/p>\n","protected":false},"excerpt":{"rendered":"<p>TFF 2.Lig K\u0131rm\u0131z\u0131 Grup\u2019ta m\u00fccadele eden Fethiyespor\u2019da Teknik Direkt\u00f6r Selahaddin Din\u00e7el\u2019e futbolcular ve Fethiyespor Taraftarlar Derne\u011fi ayr\u0131 ayr\u0131 do\u011fum g\u00fcn\u00fc kutlamas\u0131 ger\u00e7ekle\u015ftirdi. Fethiyespor\u2019un tecr\u00fcbeli teknik direkt\u00f6r\u00fc Selahaddin Din\u00e7el\u2019e Fethiyespor Taraftarlar Derne\u011fi do\u011fum g\u00fcn\u00fc pastas\u0131 haz\u0131rlatarak s\u00fcrpriz bir kutlama ger\u00e7ekle\u015ftirdi. Taraftarlar Derne\u011fi Ba\u015fkan\u0131 \u00d6zkan H\u0131r\u00e7\u0131n ve y\u00f6netim kurulu \u00fcyeleri haz\u0131rlatt\u0131klar\u0131 do\u011fum g\u00fcn\u00fc pastas\u0131yla Teknik Direkt\u00f6r Selahaddin&#8230;<\/p>\n","protected":false},"author":1,"featured_media":50570,"comment_status":"open","ping_status":"open","sticky":false,"template":"","format":"standard","meta":{"_crdt_document":"","footnotes":""},"categories":[4],"tags":[],"class_list":["post-50569","post","type-post","status-publish","format-standard","has-post-thumbnail","hentry","category-spor"],"_links":{"self":[{"href":"https:\/\/www.egemtv.com\/index.php?rest_route=\/wp\/v2\/posts\/50569","targetHints":{"allow":["GET"]}}],"collection":[{"href":"https:\/\/www.egemtv.com\/index.php?rest_route=\/wp\/v2\/posts"}],"about":[{"href":"https:\/\/www.egemtv.com\/index.php?rest_route=\/wp\/v2\/types\/post"}],"author":[{"embeddable":true,"href":"https:\/\/www.egemtv.com\/index.php?rest_route=\/wp\/v2\/users\/1"}],"replies":[{"embeddable":true,"href":"https:\/\/www.egemtv.com\/index.php?rest_route=%2Fwp%2Fv2%2Fcomments&post=50569"}],"version-history":[{"count":1,"href":"https:\/\/www.egemtv.com\/index.php?rest_route=\/wp\/v2\/posts\/50569\/revisions"}],"predecessor-version":[{"id":50571,"href":"https:\/\/www.egemtv.com\/index.php?rest_route=\/wp\/v2\/posts\/50569\/revisions\/50571"}],"wp:featuredmedia":[{"embeddable":true,"href":"https:\/\/www.egemtv.com\/index.php?rest_route=\/wp\/v2\/media\/50570"}],"wp:attachment":[{"href":"https:\/\/www.egemtv.com\/index.php?rest_route=%2Fwp%2Fv2%2Fmedia&parent=50569"}],"wp:term":[{"taxonomy":"category","embeddable":true,"href":"https:\/\/www.egemtv.com\/index.php?rest_route=%2Fwp%2Fv2%2Fcategories&post=50569"},{"taxonomy":"post_tag","embeddable":true,"href":"https:\/\/www.egemtv.com\/index.php?rest_route=%2Fwp%2Fv2%2Ftags&post=50569"}],"curies":[{"name":"wp","href":"https:\/\/api.w.org\/{rel}","templated":true}]}}