{"id":50566,"date":"2025-08-22T19:56:01","date_gmt":"2025-08-22T16:56:01","guid":{"rendered":"https:\/\/www.egemtv.com\/?p=50566"},"modified":"2025-08-22T19:56:02","modified_gmt":"2025-08-22T16:56:02","slug":"oz-iplik-is-sendikasindan-isten-cikarmalar-nedeniyle-altinsar-tekstilde-eylem","status":"publish","type":"post","link":"https:\/\/www.egemtv.com\/?p=50566","title":{"rendered":"\u00d6z \u0130plik \u0130\u015f Sendikas\u0131\u2019ndan i\u015ften \u00e7\u0131karmalar nedeniyle Alt\u0131nsar Tekstil\u2019de eylem"},"content":{"rendered":"<p>U\u015fak\u2019ta faaliyet g\u00f6steren Alt\u0131nsar Tekstil\u2019de \u00d6z \u0130plik \u0130\u015f Sendikas\u0131\u2019na \u00fcye i\u015f\u00e7ilerin i\u015ften \u00e7\u0131kar\u0131ld\u0131\u011f\u0131 iddia edildi. Sendika \u0130l Ba\u015fkan\u0131 Esat Deniz Turan, i\u015fverenin hukuksuz \u015fekilde sendikal \u00f6rg\u00fctlenmeyi hedef ald\u0131\u011f\u0131n\u0131 belirterek, i\u015ften at\u0131lan i\u015f\u00e7ilerin derhal i\u015fe iadesini talep etti.<br \/>\n<br \/>U\u015fak\u2019ta faaliyet g\u00f6steren Alt\u0131nsar Tekstil \u00e7al\u0131\u015fanlar\u0131, 2 ay \u00f6nce \u00d6z \u0130plik \u0130\u015f Sendikas\u0131\u2019na \u00fcye olmaya ba\u015flad\u0131. Fabrikada \u00fcyeliklerin artmas\u0131yla Alt\u0131nsar Tekstil i\u015fveren ve i\u015fveren vekilleri, iddiaya g\u00f6re sendikaya \u00fcye i\u015f\u00e7iler i\u015ften \u00e7\u0131kar\u0131ld\u0131. Sendika \u00fcyeleri firman\u0131n \u00f6n\u00fcnde toplanarak bas\u0131n a\u00e7\u0131klamas\u0131 yapt\u0131. \u00d6z \u0130plik \u0130\u015f Sendikas\u0131 U\u015fak \u0130l Ba\u015fkan\u0131 Esat Deniz Turan, &#8220;Sendikaya \u00fcye olan ve sendikala\u015fma i\u00e7in i\u015f\u00e7ilere \u00f6nc\u00fc olan i\u015f\u00e7i arkada\u015flar\u0131m\u0131z, hi\u00e7bir hakl\u0131 ve ge\u00e7erli neden g\u00f6sterilmeden i\u015ften \u00e7\u0131kar\u0131ld\u0131. Bu hukuksuz uygulama, i\u015fverenin a\u00e7\u0131k\u00e7a sendikal \u00f6rg\u00fctlenmeyi hedef ald\u0131\u011f\u0131n\u0131 net bir \u015fekilde g\u00f6sterdi. Alt\u0131nsar Tekstil i\u015f\u00e7ilerinin sendikala\u015fma m\u00fccadelesi i\u00e7in buraday\u0131z. Alt\u0131nsar Tekstil\u2019de sendikal haklara sald\u0131r\u0131 var. Alt\u0131nsar Teksil\u2019de hukuksuzluk var. Alt\u0131nsar Tekstil\u2019de i\u015ften at\u0131lmalar var. Biz i\u015ften at\u0131lan arkada\u015flar\u0131m\u0131z\u0131n derhal i\u015fe iadelerini istiyoruz&#8221; dedi.<\/p>\n<p>&#8220;Sendikaya \u00fcye olma \u00f6zg\u00fcrl\u00fc\u011f\u00fc ihlal ediyor&#8221;<br \/>\n<br \/>Sendikaya \u00fcye olma \u00f6zg\u00fcrl\u00fc\u011f\u00fcn\u00fcn ihlal edildi\u011fini belirten Turan, &#8220;Sendikaya \u00fcye olmak ve \u00fcyelikten ayr\u0131lmak anayasal hakt\u0131r. Sendikala\u015fmay\u0131 engellemek su\u00e7tur.  \u0130\u015f\u00e7iler burada sendikam\u0131za \u00fcye olmak istiyor. Anayasal haklar\u0131n\u0131 kullanmak istiyor. \u0130\u015fveren, Anayasa\u2019n\u0131n 51. maddesi ve 6356 say\u0131l\u0131 Yasa\u2019n\u0131n 25. maddesi olan sendikaya \u00fcye olma \u00f6zg\u00fcrl\u00fc\u011f\u00fcn\u00fc ihlal ediyor&#8221; dedi.<\/p>\n<p>&#8220;Biz i\u015f ahlak\u0131na, vicdana ve hukuka s\u0131\u011fmayan bu tavr\u0131 k\u0131n\u0131yoruz&#8221;<br \/>\n<br \/>Alt\u0131nsar Tekstil\u2019in sendikal \u00f6zg\u00fcrl\u00fcklere sayg\u0131 g\u00f6stermedi\u011fini ve i\u015f\u00e7ilerin yaln\u0131z olmad\u0131\u011f\u0131n\u0131 s\u00f6yleyen Turan, &#8220;Alt\u0131nsar Tekstil fabrikas\u0131, sendikal \u00f6zg\u00fcrl\u00fcklere sayg\u0131 g\u00f6stermiyor. Hak arayan emek\u00e7ileri kap\u0131 \u00f6n\u00fcne koyarak, i\u015f\u00e7ilere g\u00f6z da\u011f\u0131 veriyor. Biz i\u015f ahlak\u0131na, vicdana ve hukuka s\u0131\u011fmayan bu tavr\u0131 k\u0131n\u0131yoruz. Alt\u0131nsar i\u015f\u00e7ileri yaln\u0131z de\u011fildir. Siz sendikal bask\u0131larla i\u015f\u00e7ileri susturamazs\u0131n\u0131z. G\u00f6zda\u011f\u0131 vererek \u00f6rg\u00fctlenme hakk\u0131n\u0131 engelleyemezsiniz. Biz \u00fcyelerimizin haklar\u0131n\u0131 sonuna kadar savunaca\u011f\u0131z. \u0130\u015f\u00e7inin iradesini yok sayan bu tutumun kar\u015f\u0131s\u0131nda dimdik duraca\u011f\u0131z&#8221; ifadelerini kulland\u0131.<\/p>\n<p>&#8220;\u00d6rg\u00fctl\u00fc i\u015f\u00e7iler asla yenilmez ve yenilmeyecektir&#8221;<br \/>\n<br \/>Sendikal haklara sayg\u0131 duyman\u0131n yasal bir zorunluluk oldu\u011funu ifade eden Turan, &#8220;Siz de bunu \u00f6\u011freneceksiniz. Hi\u00e7bir bask\u0131 da, i\u015f\u00e7ilerin sendikal \u00f6rg\u00fctlenme kararl\u0131l\u0131\u011f\u0131n\u0131 k\u0131ramayacakt\u0131r. Biz t\u00fcm kamuoyunu, emekten yana t\u00fcm kesimleri de, bu a\u00e7\u0131k hak ihlaline kar\u015f\u0131 dayan\u0131\u015fmaya \u00e7a\u011f\u0131r\u0131yoruz. Bug\u00fcn Alt\u0131nsar Tekstil\u2019de ya\u015fanan bu sendikas\u0131zla\u015ft\u0131rma sald\u0131r\u0131s\u0131, yaln\u0131zca i\u015ften \u00e7\u0131kar\u0131lan i\u015f\u00e7ilere de\u011fil, t\u00fcm emek\u00e7ilere y\u00f6neltilmi\u015ftir. Ama unutulmas\u0131n ki \u00f6rg\u00fctl\u00fc i\u015f\u00e7iler asla yenilmez ve yenilmeyecektir. Gelin birlik olal\u0131m, \u00fcyeliklerimizi h\u0131zland\u0131ral\u0131m. Haklar\u0131n\u0131z\u0131 birlikte savunal\u0131m, h\u0131zl\u0131ca \u00f6rg\u00fctlenelim&#8221; dedi.<br \/><\/p>\n","protected":false},"excerpt":{"rendered":"<p>U\u015fak\u2019ta faaliyet g\u00f6steren Alt\u0131nsar Tekstil\u2019de \u00d6z \u0130plik \u0130\u015f Sendikas\u0131\u2019na \u00fcye i\u015f\u00e7ilerin i\u015ften \u00e7\u0131kar\u0131ld\u0131\u011f\u0131 iddia edildi. Sendika \u0130l Ba\u015fkan\u0131 Esat Deniz Turan, i\u015fverenin hukuksuz \u015fekilde sendikal \u00f6rg\u00fctlenmeyi hedef ald\u0131\u011f\u0131n\u0131 belirterek, i\u015ften at\u0131lan i\u015f\u00e7ilerin derhal i\u015fe iadesini talep etti. U\u015fak\u2019ta faaliyet g\u00f6steren Alt\u0131nsar Tekstil \u00e7al\u0131\u015fanlar\u0131, 2 ay \u00f6nce \u00d6z \u0130plik \u0130\u015f Sendikas\u0131\u2019na \u00fcye olmaya ba\u015flad\u0131. Fabrikada \u00fcyeliklerin&#8230;<\/p>\n","protected":false},"author":1,"featured_media":50567,"comment_status":"open","ping_status":"open","sticky":false,"template":"","format":"standard","meta":{"_crdt_document":"","footnotes":""},"categories":[1],"tags":[],"class_list":["post-50566","post","type-post","status-publish","format-standard","has-post-thumbnail","hentry","category-guncel"],"_links":{"self":[{"href":"https:\/\/www.egemtv.com\/index.php?rest_route=\/wp\/v2\/posts\/50566","targetHints":{"allow":["GET"]}}],"collection":[{"href":"https:\/\/www.egemtv.com\/index.php?rest_route=\/wp\/v2\/posts"}],"about":[{"href":"https:\/\/www.egemtv.com\/index.php?rest_route=\/wp\/v2\/types\/post"}],"author":[{"embeddable":true,"href":"https:\/\/www.egemtv.com\/index.php?rest_route=\/wp\/v2\/users\/1"}],"replies":[{"embeddable":true,"href":"https:\/\/www.egemtv.com\/index.php?rest_route=%2Fwp%2Fv2%2Fcomments&post=50566"}],"version-history":[{"count":1,"href":"https:\/\/www.egemtv.com\/index.php?rest_route=\/wp\/v2\/posts\/50566\/revisions"}],"predecessor-version":[{"id":50568,"href":"https:\/\/www.egemtv.com\/index.php?rest_route=\/wp\/v2\/posts\/50566\/revisions\/50568"}],"wp:featuredmedia":[{"embeddable":true,"href":"https:\/\/www.egemtv.com\/index.php?rest_route=\/wp\/v2\/media\/50567"}],"wp:attachment":[{"href":"https:\/\/www.egemtv.com\/index.php?rest_route=%2Fwp%2Fv2%2Fmedia&parent=50566"}],"wp:term":[{"taxonomy":"category","embeddable":true,"href":"https:\/\/www.egemtv.com\/index.php?rest_route=%2Fwp%2Fv2%2Fcategories&post=50566"},{"taxonomy":"post_tag","embeddable":true,"href":"https:\/\/www.egemtv.com\/index.php?rest_route=%2Fwp%2Fv2%2Ftags&post=50566"}],"curies":[{"name":"wp","href":"https:\/\/api.w.org\/{rel}","templated":true}]}}