{"id":50563,"date":"2025-08-22T19:56:00","date_gmt":"2025-08-22T16:56:00","guid":{"rendered":"https:\/\/www.egemtv.com\/?p=50563"},"modified":"2025-08-22T19:56:01","modified_gmt":"2025-08-22T16:56:01","slug":"bozdoganda-kamyon-ve-motosiklet-carpisti-1-yarali","status":"publish","type":"post","link":"https:\/\/www.egemtv.com\/?p=50563","title":{"rendered":"Bozdo\u011fan\u2019da kamyon ve motosiklet \u00e7arp\u0131\u015ft\u0131: 1 yaral\u0131"},"content":{"rendered":"<p>Ayd\u0131n\u2019\u0131n Bozdo\u011fan il\u00e7esinde motosiklet ve kamyonun \u00e7arp\u0131\u015fmas\u0131 sonucu meydana gelen trafik kazas\u0131nda 1 ki\u015fi yaraland\u0131.<br \/>\n<br \/>Kaza, Yaz\u0131kent Kav\u015fa\u011f\u0131\u2019nda \u00f6\u011fle saatlerinde meydana geldi. Edinilen bilgiye g\u00f6re, H.K. idaresindeki 09 ALV 487 plakal\u0131 motosiklet ile 01 DKL 64 plakal\u0131 kamyon \u00e7arp\u0131\u015ft\u0131. \u00c7arp\u0131\u015fman\u0131n ard\u0131ndan savrulan motosikletten d\u00fc\u015fen s\u00fcr\u00fcc\u00fc yaralan\u0131rken, motosiklet kamyonun alt\u0131na girdi. Kazay\u0131 g\u00f6renler durumu 112 Acil \u00c7a\u011fr\u0131 Merkezi\u2019ne bildirdi. \u0130hbar \u00fczerine h\u0131zla b\u00f6lgeye gelen sa\u011fl\u0131k ekipleri yaral\u0131 motosiklet s\u00fcr\u00fcc\u00fcs\u00fcne ilk m\u00fcdahaleyi yaparak ambulansla hastaneye kald\u0131rd\u0131.<br \/>\n<br \/>Kazayla ilgili soru\u015fturma s\u00fcr\u00fcyor.<br \/><\/p>\n","protected":false},"excerpt":{"rendered":"<p>Ayd\u0131n\u2019\u0131n Bozdo\u011fan il\u00e7esinde motosiklet ve kamyonun \u00e7arp\u0131\u015fmas\u0131 sonucu meydana gelen trafik kazas\u0131nda 1 ki\u015fi yaraland\u0131. Kaza, Yaz\u0131kent Kav\u015fa\u011f\u0131\u2019nda \u00f6\u011fle saatlerinde meydana geldi. Edinilen bilgiye g\u00f6re, H.K. idaresindeki 09 ALV 487 plakal\u0131 motosiklet ile 01 DKL 64 plakal\u0131 kamyon \u00e7arp\u0131\u015ft\u0131. \u00c7arp\u0131\u015fman\u0131n ard\u0131ndan savrulan motosikletten d\u00fc\u015fen s\u00fcr\u00fcc\u00fc yaralan\u0131rken, motosiklet kamyonun alt\u0131na girdi. Kazay\u0131 g\u00f6renler durumu 112 Acil&#8230;<\/p>\n","protected":false},"author":1,"featured_media":50564,"comment_status":"open","ping_status":"open","sticky":false,"template":"","format":"standard","meta":{"_crdt_document":"","footnotes":""},"categories":[5],"tags":[],"class_list":["post-50563","post","type-post","status-publish","format-standard","has-post-thumbnail","hentry","category-asayis"],"_links":{"self":[{"href":"https:\/\/www.egemtv.com\/index.php?rest_route=\/wp\/v2\/posts\/50563","targetHints":{"allow":["GET"]}}],"collection":[{"href":"https:\/\/www.egemtv.com\/index.php?rest_route=\/wp\/v2\/posts"}],"about":[{"href":"https:\/\/www.egemtv.com\/index.php?rest_route=\/wp\/v2\/types\/post"}],"author":[{"embeddable":true,"href":"https:\/\/www.egemtv.com\/index.php?rest_route=\/wp\/v2\/users\/1"}],"replies":[{"embeddable":true,"href":"https:\/\/www.egemtv.com\/index.php?rest_route=%2Fwp%2Fv2%2Fcomments&post=50563"}],"version-history":[{"count":1,"href":"https:\/\/www.egemtv.com\/index.php?rest_route=\/wp\/v2\/posts\/50563\/revisions"}],"predecessor-version":[{"id":50565,"href":"https:\/\/www.egemtv.com\/index.php?rest_route=\/wp\/v2\/posts\/50563\/revisions\/50565"}],"wp:featuredmedia":[{"embeddable":true,"href":"https:\/\/www.egemtv.com\/index.php?rest_route=\/wp\/v2\/media\/50564"}],"wp:attachment":[{"href":"https:\/\/www.egemtv.com\/index.php?rest_route=%2Fwp%2Fv2%2Fmedia&parent=50563"}],"wp:term":[{"taxonomy":"category","embeddable":true,"href":"https:\/\/www.egemtv.com\/index.php?rest_route=%2Fwp%2Fv2%2Fcategories&post=50563"},{"taxonomy":"post_tag","embeddable":true,"href":"https:\/\/www.egemtv.com\/index.php?rest_route=%2Fwp%2Fv2%2Ftags&post=50563"}],"curies":[{"name":"wp","href":"https:\/\/api.w.org\/{rel}","templated":true}]}}