{"id":50560,"date":"2025-08-22T19:36:13","date_gmt":"2025-08-22T16:36:13","guid":{"rendered":"https:\/\/www.egemtv.com\/?p=50560"},"modified":"2025-08-22T19:36:13","modified_gmt":"2025-08-22T16:36:13","slug":"izmirdeki-yanginlar-kontrol-altina-alindi","status":"publish","type":"post","link":"https:\/\/www.egemtv.com\/?p=50560","title":{"rendered":"\u0130zmir\u2019deki yang\u0131nlar kontrol alt\u0131na al\u0131nd\u0131"},"content":{"rendered":"<p>\u0130zmir\u2019in Menderes il\u00e7esinde kaynak makinesinden s\u0131\u00e7rayan k\u0131v\u0131lc\u0131mlar\u0131n neden oldu\u011fu orman yang\u0131n\u0131 ve Alia\u011fa il\u00e7esinde makilik alanda \u00e7\u0131kan yang\u0131n, havadan ve karadan saatler s\u00fcren \u00e7al\u0131\u015fmalar sonucu kontrol alt\u0131na al\u0131nd\u0131.<br \/>\n<br \/>\u0130lk yang\u0131n, Menderes il\u00e7esi \u00c7ile Mahallesi\u2019nde ba\u015flad\u0131. Saat 12.45\u2019te farkedilen yang\u0131na \u0130zmir Orman B\u00f6lge M\u00fcd\u00fcrl\u00fc\u011f\u00fcne ait 8 u\u00e7ak, 8 helikopterle havadan, 25 araz\u00f6z, 26 su ikmal arac\u0131 ve 4 dozerle karadan m\u00fcdahale edildi. Yang\u0131n\u0131n \u00e7\u0131k\u0131\u015f sebebiyle ilgili \u00e7al\u0131\u015fma y\u00fcr\u00fcten jandarma ekipleri, alevlerin bir hobi bah\u00e7esinden \u00e7\u0131kt\u0131\u011f\u0131n\u0131 belirledi. Hobi bah\u00e7esinde kaynak yap\u0131l\u0131rken \u00e7\u0131kan k\u0131v\u0131lc\u0131mlar\u0131n kuru otlar\u0131 tutu\u015fturdu\u011fu, daha sonra da ormanl\u0131k alana yay\u0131ld\u0131\u011f\u0131 tespit edildi. Olayla ilgili kaynak yapan M.\u015e.T. ile hobi bah\u00e7esinin sahipleri D.Y. ve M.A.Y. g\u00f6zalt\u0131na al\u0131nd\u0131.<br \/>\n<br \/>Di\u011fer yang\u0131n ise saat 14.00 s\u0131ralar\u0131nda Alia\u011fa il\u00e7esine ba\u011fl\u0131 \u00c7\u0131tak Mahalesi\u2019nde meydana geldi. Makilik ve otluk alanda \u00e7\u0131kan yang\u0131na \u0130zmir Orman B\u00f6lge M\u00fcd\u00fcrl\u00fc\u011f\u00fcne ait 2 u\u00e7ak, 2 helikopterle havadan, 14 araz\u00f6z, \u0130zmir B\u00fcy\u00fck\u015fehir Belediyesine ait 5 itfaiye arac\u0131, Orman B\u00f6lge M\u00fcd\u00fcrl\u00fc\u011f\u00fc ve Alia\u011fa Belediyesine ait i\u015f makineleri, su tankerleri ve yaya ekiplerle karadan m\u00fcdahale yap\u0131ld\u0131. \u00c7\u0131k\u0131\u015f sebebi hen\u00fcz belirlenemeyen yang\u0131n, r\u00fczgar\u0131n da etkisiyle h\u0131zla yay\u0131ld\u0131. Alia\u011fa Kaymakam\u0131 Zekeriya G\u00fcney de b\u00f6geye gelerek, s\u00f6nd\u00fcrme \u00e7al\u0131\u015fmalar\u0131n\u0131 yerinden takip etti. G\u00fcney, &#8220;Yang\u0131n b\u00f6lgesine ekiplerimiz \u00e7ok k\u0131sa s\u00fcrede intikal etmi\u015f, karadan ve havadan yap\u0131lan m\u00fcdahale ile alevler kontrol alt\u0131na al\u0131nm\u0131\u015ft\u0131r&#8221; dedi.<br \/>\n<br \/>\u0130zmir Orman B\u00f6lge M\u00fcd\u00fcrl\u00fc\u011f\u00fcnden edinilen bilgiye g\u00f6re, her iki noktada yang\u0131nlar\u0131n tamamen kontrol alt\u0131na al\u0131nd\u0131\u011f\u0131 ve so\u011futma \u00e7al\u0131\u015fmalar\u0131n\u0131n s\u00fcrd\u00fc\u011f\u00fc \u00f6\u011frenildi.<br \/><\/p>\n","protected":false},"excerpt":{"rendered":"<p>\u0130zmir\u2019in Menderes il\u00e7esinde kaynak makinesinden s\u0131\u00e7rayan k\u0131v\u0131lc\u0131mlar\u0131n neden oldu\u011fu orman yang\u0131n\u0131 ve Alia\u011fa il\u00e7esinde makilik alanda \u00e7\u0131kan yang\u0131n, havadan ve karadan saatler s\u00fcren \u00e7al\u0131\u015fmalar sonucu kontrol alt\u0131na al\u0131nd\u0131. \u0130lk yang\u0131n, Menderes il\u00e7esi \u00c7ile Mahallesi\u2019nde ba\u015flad\u0131. Saat 12.45\u2019te farkedilen yang\u0131na \u0130zmir Orman B\u00f6lge M\u00fcd\u00fcrl\u00fc\u011f\u00fcne ait 8 u\u00e7ak, 8 helikopterle havadan, 25 araz\u00f6z, 26 su ikmal arac\u0131&#8230;<\/p>\n","protected":false},"author":1,"featured_media":50561,"comment_status":"open","ping_status":"open","sticky":false,"template":"","format":"standard","meta":{"_crdt_document":"","footnotes":""},"categories":[5],"tags":[],"class_list":["post-50560","post","type-post","status-publish","format-standard","has-post-thumbnail","hentry","category-asayis"],"_links":{"self":[{"href":"https:\/\/www.egemtv.com\/index.php?rest_route=\/wp\/v2\/posts\/50560","targetHints":{"allow":["GET"]}}],"collection":[{"href":"https:\/\/www.egemtv.com\/index.php?rest_route=\/wp\/v2\/posts"}],"about":[{"href":"https:\/\/www.egemtv.com\/index.php?rest_route=\/wp\/v2\/types\/post"}],"author":[{"embeddable":true,"href":"https:\/\/www.egemtv.com\/index.php?rest_route=\/wp\/v2\/users\/1"}],"replies":[{"embeddable":true,"href":"https:\/\/www.egemtv.com\/index.php?rest_route=%2Fwp%2Fv2%2Fcomments&post=50560"}],"version-history":[{"count":1,"href":"https:\/\/www.egemtv.com\/index.php?rest_route=\/wp\/v2\/posts\/50560\/revisions"}],"predecessor-version":[{"id":50562,"href":"https:\/\/www.egemtv.com\/index.php?rest_route=\/wp\/v2\/posts\/50560\/revisions\/50562"}],"wp:featuredmedia":[{"embeddable":true,"href":"https:\/\/www.egemtv.com\/index.php?rest_route=\/wp\/v2\/media\/50561"}],"wp:attachment":[{"href":"https:\/\/www.egemtv.com\/index.php?rest_route=%2Fwp%2Fv2%2Fmedia&parent=50560"}],"wp:term":[{"taxonomy":"category","embeddable":true,"href":"https:\/\/www.egemtv.com\/index.php?rest_route=%2Fwp%2Fv2%2Fcategories&post=50560"},{"taxonomy":"post_tag","embeddable":true,"href":"https:\/\/www.egemtv.com\/index.php?rest_route=%2Fwp%2Fv2%2Ftags&post=50560"}],"curies":[{"name":"wp","href":"https:\/\/api.w.org\/{rel}","templated":true}]}}