{"id":50419,"date":"2025-08-22T12:15:59","date_gmt":"2025-08-22T09:15:59","guid":{"rendered":"https:\/\/www.egemtv.com\/?p=50419"},"modified":"2025-08-22T12:16:00","modified_gmt":"2025-08-22T09:16:00","slug":"vali-isin-aile-toplumumuzun-temel-diregi-ve-kulturel-degerlerimizin-tasiyicisidir","status":"publish","type":"post","link":"https:\/\/www.egemtv.com\/?p=50419","title":{"rendered":"Vali I\u015f\u0131n: &#8220;Aile, toplumumuzun temel dire\u011fi ve k\u00fclt\u00fcrel de\u011ferlerimizin ta\u015f\u0131y\u0131c\u0131s\u0131d\u0131r&#8221;"},"content":{"rendered":"<p>K\u00fctahya\u2019da, Ailenin Korunmas\u0131 ve G\u00fc\u00e7lendirilmesi \u0130l Eylem Plan\u0131\u2019n\u0131n 6 ayl\u0131k de\u011ferlendirme toplant\u0131s\u0131, Vali Musa I\u015f\u0131n ba\u015fkanl\u0131\u011f\u0131nda ger\u00e7ekle\u015ftirildi.<br \/>\n<br \/>Toplant\u0131da, plan kapsam\u0131nda y\u00fcr\u00fct\u00fclen \u00e7al\u0131\u015fmalar, elde edilen sonu\u00e7lar ve haz\u0131rlanan de\u011ferlendirme raporu ele al\u0131nd\u0131. Rapora ili\u015fkin g\u00f6r\u00fc\u015f ve \u00f6neriler al\u0131narak \u00f6n\u00fcm\u00fczdeki d\u00f6nemde uygulanacak yol haritas\u0131 belirlendi.<br \/>\n<br \/>Programa; Belediye Ba\u015fkan\u0131 Ey\u00fcp Kahveci, K\u00fctahya Sa\u011fl\u0131k Bilimleri \u00dcniversitesi Rekt\u00f6r\u00fc Prof. Dr. Ahmet Tekin, Vali Yard\u0131mc\u0131s\u0131 Harun Kazez, il\u00e7e kaymakamlar\u0131 ve ilgili kurum m\u00fcd\u00fcrleri kat\u0131ld\u0131.<br \/>\n<br \/>Toplant\u0131da de\u011ferlendirmelerde bulunan Vali Musa I\u015f\u0131n, aile kurumunun toplumun en g\u00fc\u00e7l\u00fc dayana\u011f\u0131 oldu\u011funu vurgulad\u0131.<br \/>\n<br \/>Vali I\u015f\u0131n, &#8220;Bizim en b\u00fcy\u00fck g\u00fcc\u00fcm\u00fcz, aile kurumudur. Aile, toplumumuzun temel dire\u011fi ve k\u00fclt\u00fcrel de\u011ferlerimizin ta\u015f\u0131y\u0131c\u0131s\u0131d\u0131r. Sa\u011flam bir aile yap\u0131s\u0131; sa\u011fl\u0131kl\u0131 bireyler, g\u00fc\u00e7l\u00fc bir toplum ve istikrarl\u0131 bir gelecek demektir. Bug\u00fcn yapt\u0131\u011f\u0131m\u0131z toplant\u0131, sadece bir rapor de\u011ferlendirmesi de\u011fil, ayn\u0131 zamanda gelece\u011fimiz i\u00e7in at\u0131lan \u00f6nemli bir ad\u0131md\u0131r. \u00c7ocuklar\u0131m\u0131z\u0131n, gen\u00e7lerimizin ve kad\u0131nlar\u0131m\u0131z\u0131n huzur ve g\u00fcven i\u00e7inde ya\u015fayabilmesi i\u00e7in aileyi g\u00fc\u00e7lendirecek politikalar\u0131 kararl\u0131l\u0131kla s\u00fcrd\u00fcrece\u011fiz. Devletimizin t\u00fcm kurumlar\u0131yla, belediyelerimiz ve sivil toplum kurulu\u015flar\u0131m\u0131zla birlikte ortak hareket etmeye devam edece\u011fiz. Amac\u0131m\u0131z, ailelerin sosyal ve ekonomik y\u00f6nden desteklenmesi, aile ba\u011flar\u0131n\u0131n kuvvetlendirilmesi ve her bireyin mutlu bir ya\u015fam s\u00fcrmesidir. Bu vesileyle toplant\u0131m\u0131za katk\u0131 sunan t\u00fcm payda\u015flar\u0131m\u0131za te\u015fekk\u00fcr ediyorum.&#8221; dedi.<br \/><\/p>\n","protected":false},"excerpt":{"rendered":"<p>K\u00fctahya\u2019da, Ailenin Korunmas\u0131 ve G\u00fc\u00e7lendirilmesi \u0130l Eylem Plan\u0131\u2019n\u0131n 6 ayl\u0131k de\u011ferlendirme toplant\u0131s\u0131, Vali Musa I\u015f\u0131n ba\u015fkanl\u0131\u011f\u0131nda ger\u00e7ekle\u015ftirildi. Toplant\u0131da, plan kapsam\u0131nda y\u00fcr\u00fct\u00fclen \u00e7al\u0131\u015fmalar, elde edilen sonu\u00e7lar ve haz\u0131rlanan de\u011ferlendirme raporu ele al\u0131nd\u0131. Rapora ili\u015fkin g\u00f6r\u00fc\u015f ve \u00f6neriler al\u0131narak \u00f6n\u00fcm\u00fczdeki d\u00f6nemde uygulanacak yol haritas\u0131 belirlendi. Programa; Belediye Ba\u015fkan\u0131 Ey\u00fcp Kahveci, K\u00fctahya Sa\u011fl\u0131k Bilimleri \u00dcniversitesi Rekt\u00f6r\u00fc Prof. Dr&#8230;.<\/p>\n","protected":false},"author":1,"featured_media":50420,"comment_status":"open","ping_status":"open","sticky":false,"template":"","format":"standard","meta":{"_crdt_document":"","footnotes":""},"categories":[123],"tags":[],"class_list":["post-50419","post","type-post","status-publish","format-standard","has-post-thumbnail","hentry","category-gundem"],"_links":{"self":[{"href":"https:\/\/www.egemtv.com\/index.php?rest_route=\/wp\/v2\/posts\/50419","targetHints":{"allow":["GET"]}}],"collection":[{"href":"https:\/\/www.egemtv.com\/index.php?rest_route=\/wp\/v2\/posts"}],"about":[{"href":"https:\/\/www.egemtv.com\/index.php?rest_route=\/wp\/v2\/types\/post"}],"author":[{"embeddable":true,"href":"https:\/\/www.egemtv.com\/index.php?rest_route=\/wp\/v2\/users\/1"}],"replies":[{"embeddable":true,"href":"https:\/\/www.egemtv.com\/index.php?rest_route=%2Fwp%2Fv2%2Fcomments&post=50419"}],"version-history":[{"count":1,"href":"https:\/\/www.egemtv.com\/index.php?rest_route=\/wp\/v2\/posts\/50419\/revisions"}],"predecessor-version":[{"id":50421,"href":"https:\/\/www.egemtv.com\/index.php?rest_route=\/wp\/v2\/posts\/50419\/revisions\/50421"}],"wp:featuredmedia":[{"embeddable":true,"href":"https:\/\/www.egemtv.com\/index.php?rest_route=\/wp\/v2\/media\/50420"}],"wp:attachment":[{"href":"https:\/\/www.egemtv.com\/index.php?rest_route=%2Fwp%2Fv2%2Fmedia&parent=50419"}],"wp:term":[{"taxonomy":"category","embeddable":true,"href":"https:\/\/www.egemtv.com\/index.php?rest_route=%2Fwp%2Fv2%2Fcategories&post=50419"},{"taxonomy":"post_tag","embeddable":true,"href":"https:\/\/www.egemtv.com\/index.php?rest_route=%2Fwp%2Fv2%2Ftags&post=50419"}],"curies":[{"name":"wp","href":"https:\/\/api.w.org\/{rel}","templated":true}]}}