{"id":50416,"date":"2025-08-22T11:55:00","date_gmt":"2025-08-22T08:55:00","guid":{"rendered":"https:\/\/www.egemtv.com\/?p=50416"},"modified":"2025-08-22T11:55:01","modified_gmt":"2025-08-22T08:55:01","slug":"muglada-okullarda-ortak-menu-uygulamasi-basliyor","status":"publish","type":"post","link":"https:\/\/www.egemtv.com\/?p=50416","title":{"rendered":"Mu\u011fla\u2019da okullarda ortak men\u00fc uygulamas\u0131 ba\u015fl\u0131yor"},"content":{"rendered":"<p>Mu\u011fla \u0130l Mill\u00ee E\u011fitim M\u00fcd\u00fcrl\u00fc\u011f\u00fc, \u00f6\u011frencilerin sa\u011fl\u0131kl\u0131 ve dengeli beslenmesini desteklemek amac\u0131yla \u00f6nemli bir uygulamay\u0131 hayata ge\u00e7iriyor. \u0130l Mill\u00ee E\u011fitim M\u00fcd\u00fcrl\u00fc\u011f\u00fc \u0130\u015f Sa\u011fl\u0131\u011f\u0131 ve G\u00fcvenli\u011fi biriminde g\u00f6revli kurum diyetisyeninin takibinde, 2025-2026 e\u011fitim \u00f6\u011fretim y\u0131l\u0131nda Mu\u011fla genelindeki pansiyonlu okullar ve anaokullar\u0131nda ortak men\u00fc uygulamas\u0131 ba\u015flat\u0131l\u0131yor.<br \/>\n<br \/>Ge\u00e7ti\u011fimiz y\u0131l pilot il\u00e7e olarak Mente\u015fe\u2019de ba\u015far\u0131yla y\u00fcr\u00fct\u00fclen uygulama, \u00f6\u011frencilerin ya\u015f gruplar\u0131na uygun enerji, karbonhidrat, ya\u011f ve protein al\u0131m\u0131n\u0131 desteklemeyi hedefliyor. Sa\u011fl\u0131kl\u0131 beslenme al\u0131\u015fkanl\u0131klar\u0131n\u0131n k\u00fc\u00e7\u00fck ya\u015flardan itibaren kazand\u0131r\u0131lmas\u0131 ve t\u00fcm \u00f6\u011frencilerin e\u015fit \u015fartlarda beslenme imk\u00e2n\u0131na sahip olmas\u0131 i\u00e7in geli\u015ftirilen proje, bu y\u0131l il genelinde yayg\u0131nla\u015ft\u0131r\u0131lacak.<br \/>\n<br \/>Mu\u011fla \u0130l Mill\u00ee E\u011fitim M\u00fcd\u00fcr\u00fc Emre \u00c7ay, uygulamaya ili\u015fkin yapt\u0131\u011f\u0131 a\u00e7\u0131klamada \u015funlar\u0131 s\u00f6yledi: &#8220;\u00c7ocuklar\u0131m\u0131z\u0131n sa\u011fl\u0131kl\u0131 ve dengeli beslenmesi, akademik ba\u015far\u0131lar\u0131n\u0131n yan\u0131 s\u0131ra bedensel ve ruhsal geli\u015fimleri i\u00e7in de b\u00fcy\u00fck \u00f6nem ta\u015f\u0131maktad\u0131r. Bu do\u011frultuda hayata ge\u00e7irdi\u011fimiz ortak men\u00fc uygulamas\u0131yla, t\u00fcm \u00f6\u011frencilerimizin ayn\u0131 standartlarda ve beslenme uzmanlar\u0131n\u0131n \u00f6nerileri do\u011frultusunda haz\u0131rlanan yemeklerle bulu\u015fmas\u0131n\u0131 sa\u011fl\u0131yoruz. Ge\u00e7ti\u011fimiz y\u0131l Mente\u015fe il\u00e7emizde elde etti\u011fimiz olumlu sonu\u00e7lar\u0131, bu y\u0131l il genelinde yayg\u0131nla\u015ft\u0131rmaktan mutluluk duyuyoruz. Sa\u011fl\u0131kl\u0131 nesiller, g\u00fc\u00e7l\u00fc yar\u0131nlar\u0131n teminat\u0131d\u0131r.&#8221;<br \/>\n<br \/>Mu\u011fla \u0130l Mill\u00ee E\u011fitim M\u00fcd\u00fcrl\u00fc\u011f\u00fc, e\u011fitimde oldu\u011fu gibi beslenme alan\u0131nda da f\u0131rsat e\u015fitli\u011fini \u00f6nceleyen uygulamalar\u0131yla \u00f6\u011frencilerin geli\u015fimini her y\u00f6n\u00fcyle desteklemeyi s\u00fcrd\u00fcr\u00fcyor.<br \/><\/p>\n","protected":false},"excerpt":{"rendered":"<p>Mu\u011fla \u0130l Mill\u00ee E\u011fitim M\u00fcd\u00fcrl\u00fc\u011f\u00fc, \u00f6\u011frencilerin sa\u011fl\u0131kl\u0131 ve dengeli beslenmesini desteklemek amac\u0131yla \u00f6nemli bir uygulamay\u0131 hayata ge\u00e7iriyor. \u0130l Mill\u00ee E\u011fitim M\u00fcd\u00fcrl\u00fc\u011f\u00fc \u0130\u015f Sa\u011fl\u0131\u011f\u0131 ve G\u00fcvenli\u011fi biriminde g\u00f6revli kurum diyetisyeninin takibinde, 2025-2026 e\u011fitim \u00f6\u011fretim y\u0131l\u0131nda Mu\u011fla genelindeki pansiyonlu okullar ve anaokullar\u0131nda ortak men\u00fc uygulamas\u0131 ba\u015flat\u0131l\u0131yor. Ge\u00e7ti\u011fimiz y\u0131l pilot il\u00e7e olarak Mente\u015fe\u2019de ba\u015far\u0131yla y\u00fcr\u00fct\u00fclen uygulama, \u00f6\u011frencilerin ya\u015f&#8230;<\/p>\n","protected":false},"author":1,"featured_media":50417,"comment_status":"open","ping_status":"open","sticky":false,"template":"","format":"standard","meta":{"_crdt_document":"","footnotes":""},"categories":[1],"tags":[],"class_list":["post-50416","post","type-post","status-publish","format-standard","has-post-thumbnail","hentry","category-guncel"],"_links":{"self":[{"href":"https:\/\/www.egemtv.com\/index.php?rest_route=\/wp\/v2\/posts\/50416","targetHints":{"allow":["GET"]}}],"collection":[{"href":"https:\/\/www.egemtv.com\/index.php?rest_route=\/wp\/v2\/posts"}],"about":[{"href":"https:\/\/www.egemtv.com\/index.php?rest_route=\/wp\/v2\/types\/post"}],"author":[{"embeddable":true,"href":"https:\/\/www.egemtv.com\/index.php?rest_route=\/wp\/v2\/users\/1"}],"replies":[{"embeddable":true,"href":"https:\/\/www.egemtv.com\/index.php?rest_route=%2Fwp%2Fv2%2Fcomments&post=50416"}],"version-history":[{"count":1,"href":"https:\/\/www.egemtv.com\/index.php?rest_route=\/wp\/v2\/posts\/50416\/revisions"}],"predecessor-version":[{"id":50418,"href":"https:\/\/www.egemtv.com\/index.php?rest_route=\/wp\/v2\/posts\/50416\/revisions\/50418"}],"wp:featuredmedia":[{"embeddable":true,"href":"https:\/\/www.egemtv.com\/index.php?rest_route=\/wp\/v2\/media\/50417"}],"wp:attachment":[{"href":"https:\/\/www.egemtv.com\/index.php?rest_route=%2Fwp%2Fv2%2Fmedia&parent=50416"}],"wp:term":[{"taxonomy":"category","embeddable":true,"href":"https:\/\/www.egemtv.com\/index.php?rest_route=%2Fwp%2Fv2%2Fcategories&post=50416"},{"taxonomy":"post_tag","embeddable":true,"href":"https:\/\/www.egemtv.com\/index.php?rest_route=%2Fwp%2Fv2%2Ftags&post=50416"}],"curies":[{"name":"wp","href":"https:\/\/api.w.org\/{rel}","templated":true}]}}