{"id":50413,"date":"2025-08-22T11:55:00","date_gmt":"2025-08-22T08:55:00","guid":{"rendered":"https:\/\/www.egemtv.com\/?p=50413"},"modified":"2025-08-22T11:55:00","modified_gmt":"2025-08-22T08:55:00","slug":"kaymakam-uguz-halk-gunu-toplantisi-duzenledi","status":"publish","type":"post","link":"https:\/\/www.egemtv.com\/?p=50413","title":{"rendered":"Kaymakam U\u011fuz, \u2019Halk G\u00fcn\u00fc\u2019 toplant\u0131s\u0131 d\u00fczenledi"},"content":{"rendered":"<p>Afyonkarahisar Dinar il\u00e7esi Kaymakam\u0131 Hasan U\u011fuz, vatanda\u015flarla bir araya gelerek &#8220;Halk G\u00fcn\u00fc&#8221; toplant\u0131s\u0131 d\u00fczenledi.<br \/>\n<br \/>Tatarl\u0131 Beldesi\u2019nde d\u00fczenlenen toplant\u0131da vatanda\u015flar\u0131n taleplerini ve ihtiya\u00e7lar\u0131 dinlenerek \u00e7\u00f6z\u00fcm \u00f6nerileri de\u011ferlendirildi. Kaymakam U\u011fuz, devletin kap\u0131lar\u0131n\u0131n her zaman millete a\u00e7\u0131k oldu\u011funu vurgulayarak, vatanda\u015flar\u0131m\u0131zla birebir ileti\u015fimin \u00f6nemine dikkat \u00e7ekti. Halk\u0131n dile getirdi\u011fi sorunlar\u0131n \u00e7\u00f6z\u00fcm\u00fc i\u00e7in ilgili kurumlarla koordineli \u015fekilde \u00e7al\u0131\u015f\u0131laca\u011f\u0131n\u0131 ifade etti.<br \/><\/p>\n","protected":false},"excerpt":{"rendered":"<p>Afyonkarahisar Dinar il\u00e7esi Kaymakam\u0131 Hasan U\u011fuz, vatanda\u015flarla bir araya gelerek &#8220;Halk G\u00fcn\u00fc&#8221; toplant\u0131s\u0131 d\u00fczenledi. Tatarl\u0131 Beldesi\u2019nde d\u00fczenlenen toplant\u0131da vatanda\u015flar\u0131n taleplerini ve ihtiya\u00e7lar\u0131 dinlenerek \u00e7\u00f6z\u00fcm \u00f6nerileri de\u011ferlendirildi. Kaymakam U\u011fuz, devletin kap\u0131lar\u0131n\u0131n her zaman millete a\u00e7\u0131k oldu\u011funu vurgulayarak, vatanda\u015flar\u0131m\u0131zla birebir ileti\u015fimin \u00f6nemine dikkat \u00e7ekti. Halk\u0131n dile getirdi\u011fi sorunlar\u0131n \u00e7\u00f6z\u00fcm\u00fc i\u00e7in ilgili kurumlarla koordineli \u015fekilde \u00e7al\u0131\u015f\u0131laca\u011f\u0131n\u0131 ifade etti.<\/p>\n","protected":false},"author":1,"featured_media":50414,"comment_status":"open","ping_status":"open","sticky":false,"template":"","format":"standard","meta":{"_crdt_document":"","footnotes":""},"categories":[123],"tags":[],"class_list":["post-50413","post","type-post","status-publish","format-standard","has-post-thumbnail","hentry","category-gundem"],"_links":{"self":[{"href":"https:\/\/www.egemtv.com\/index.php?rest_route=\/wp\/v2\/posts\/50413","targetHints":{"allow":["GET"]}}],"collection":[{"href":"https:\/\/www.egemtv.com\/index.php?rest_route=\/wp\/v2\/posts"}],"about":[{"href":"https:\/\/www.egemtv.com\/index.php?rest_route=\/wp\/v2\/types\/post"}],"author":[{"embeddable":true,"href":"https:\/\/www.egemtv.com\/index.php?rest_route=\/wp\/v2\/users\/1"}],"replies":[{"embeddable":true,"href":"https:\/\/www.egemtv.com\/index.php?rest_route=%2Fwp%2Fv2%2Fcomments&post=50413"}],"version-history":[{"count":1,"href":"https:\/\/www.egemtv.com\/index.php?rest_route=\/wp\/v2\/posts\/50413\/revisions"}],"predecessor-version":[{"id":50415,"href":"https:\/\/www.egemtv.com\/index.php?rest_route=\/wp\/v2\/posts\/50413\/revisions\/50415"}],"wp:featuredmedia":[{"embeddable":true,"href":"https:\/\/www.egemtv.com\/index.php?rest_route=\/wp\/v2\/media\/50414"}],"wp:attachment":[{"href":"https:\/\/www.egemtv.com\/index.php?rest_route=%2Fwp%2Fv2%2Fmedia&parent=50413"}],"wp:term":[{"taxonomy":"category","embeddable":true,"href":"https:\/\/www.egemtv.com\/index.php?rest_route=%2Fwp%2Fv2%2Fcategories&post=50413"},{"taxonomy":"post_tag","embeddable":true,"href":"https:\/\/www.egemtv.com\/index.php?rest_route=%2Fwp%2Fv2%2Ftags&post=50413"}],"curies":[{"name":"wp","href":"https:\/\/api.w.org\/{rel}","templated":true}]}}