{"id":50410,"date":"2025-08-22T11:54:59","date_gmt":"2025-08-22T08:54:59","guid":{"rendered":"https:\/\/www.egemtv.com\/?p=50410"},"modified":"2025-08-22T11:54:59","modified_gmt":"2025-08-22T08:54:59","slug":"30-milyon-tllik-motosiklet-dolandiriciliginda-supheliler-adliyeye-sevk-edildi","status":"publish","type":"post","link":"https:\/\/www.egemtv.com\/?p=50410","title":{"rendered":"30 milyon TL\u2019lik motosiklet doland\u0131r\u0131c\u0131l\u0131\u011f\u0131nda \u015f\u00fcpheliler adliyeye sevk edildi"},"content":{"rendered":"<p>Mu\u011fla\u2019da 30 milyon TL\u2019lik motosiklet doland\u0131r\u0131c\u0131l\u0131\u011f\u0131 soru\u015fturmas\u0131nda g\u00f6zalt\u0131na al\u0131nan 10 \u015f\u00fcpheli, i\u015flemlerinin ard\u0131ndan savc\u0131l\u0131k ifadeleri i\u00e7in adliyeye sevk edildi.<br \/>\n<br \/>Mu\u011fla\u2019da farkl\u0131 il\u00e7elerden \u00e7ok say\u0131da ma\u011fdurun \u015fikayeti \u00fczerine ba\u015flat\u0131lan 30 milyon TL\u2019lik motosiklet doland\u0131r\u0131c\u0131l\u0131\u011f\u0131 soru\u015fturmas\u0131nda g\u00f6zalt\u0131na al\u0131nan 10 \u015f\u00fcpheli, g\u00f6zalt\u0131 s\u00fcrelerinin dolmas\u0131n\u0131n ard\u0131ndan bug\u00fcn sabah savc\u0131l\u0131k ifadeleri ve i\u015flemleri i\u00e7in Mu\u011fla Adliyesi\u2019ne sevk edildi.<br \/>\n<br \/>Mu\u011fla Cumhuriyet Ba\u015fsavc\u0131l\u0131\u011f\u0131 koordinesinde Ka\u00e7ak\u00e7\u0131l\u0131k ve Organize Su\u00e7larla M\u00fccadele (KOM) ekipleri taraf\u0131ndan Mu\u011fla, \u0130stanbul ve Adana\u2019da ger\u00e7ekle\u015ftirilen e\u015f zamanl\u0131 operasyonlarda M.A., R.D., M.E., S.E., T.\u00d6., E.\u015e., E.\u00c7., B.D., L.M. ve B.M. isimli \u015f\u00fcpheliler yakalanarak g\u00f6zalt\u0131na al\u0131nm\u0131\u015ft\u0131.<br \/>\n<br \/>Soru\u015fturma kapsam\u0131nda, aralar\u0131nda motosiklet bayii temsilcilerinin de bulundu\u011fu \u015f\u00fcphelilerin yakla\u015f\u0131k 30 milyon TL\u2019lik vurgun yapt\u0131\u011f\u0131 tespit edilmi\u015f, MASAK raporu ve hesap hareketleri de dosyaya eklenmi\u015fti.<br \/>\n<br \/>Ma\u011fdurlar, \u0130stanbul\u2019da faaliyet g\u00f6steren \u00fcnl\u00fc bir motosiklet bayisinin ad\u0131 kar\u0131\u015ft\u0131\u011f\u0131 iddia edilen doland\u0131r\u0131c\u0131l\u0131k kapsam\u0131nda motosikletlerini teslim alamad\u0131klar\u0131n\u0131, baz\u0131 \u00f6demelerinin ise \u00fc\u00e7\u00fcnc\u00fc ki\u015filerin al\u0131mlar\u0131nda kullan\u0131ld\u0131\u011f\u0131n\u0131 \u00f6ne s\u00fcrm\u00fc\u015ft\u00fc.<br \/>\n<br \/>Bu sabah \u015f\u00fcpheliler savc\u0131l\u0131k ifadeleri ve i\u015flemleri i\u00e7in adliyeye sevk edildi.<br \/><\/p>\n","protected":false},"excerpt":{"rendered":"<p>Mu\u011fla\u2019da 30 milyon TL\u2019lik motosiklet doland\u0131r\u0131c\u0131l\u0131\u011f\u0131 soru\u015fturmas\u0131nda g\u00f6zalt\u0131na al\u0131nan 10 \u015f\u00fcpheli, i\u015flemlerinin ard\u0131ndan savc\u0131l\u0131k ifadeleri i\u00e7in adliyeye sevk edildi. Mu\u011fla\u2019da farkl\u0131 il\u00e7elerden \u00e7ok say\u0131da ma\u011fdurun \u015fikayeti \u00fczerine ba\u015flat\u0131lan 30 milyon TL\u2019lik motosiklet doland\u0131r\u0131c\u0131l\u0131\u011f\u0131 soru\u015fturmas\u0131nda g\u00f6zalt\u0131na al\u0131nan 10 \u015f\u00fcpheli, g\u00f6zalt\u0131 s\u00fcrelerinin dolmas\u0131n\u0131n ard\u0131ndan bug\u00fcn sabah savc\u0131l\u0131k ifadeleri ve i\u015flemleri i\u00e7in Mu\u011fla Adliyesi\u2019ne sevk edildi. Mu\u011fla Cumhuriyet&#8230;<\/p>\n","protected":false},"author":1,"featured_media":50411,"comment_status":"open","ping_status":"open","sticky":false,"template":"","format":"standard","meta":{"_crdt_document":"","footnotes":""},"categories":[5],"tags":[],"class_list":["post-50410","post","type-post","status-publish","format-standard","has-post-thumbnail","hentry","category-asayis"],"_links":{"self":[{"href":"https:\/\/www.egemtv.com\/index.php?rest_route=\/wp\/v2\/posts\/50410","targetHints":{"allow":["GET"]}}],"collection":[{"href":"https:\/\/www.egemtv.com\/index.php?rest_route=\/wp\/v2\/posts"}],"about":[{"href":"https:\/\/www.egemtv.com\/index.php?rest_route=\/wp\/v2\/types\/post"}],"author":[{"embeddable":true,"href":"https:\/\/www.egemtv.com\/index.php?rest_route=\/wp\/v2\/users\/1"}],"replies":[{"embeddable":true,"href":"https:\/\/www.egemtv.com\/index.php?rest_route=%2Fwp%2Fv2%2Fcomments&post=50410"}],"version-history":[{"count":1,"href":"https:\/\/www.egemtv.com\/index.php?rest_route=\/wp\/v2\/posts\/50410\/revisions"}],"predecessor-version":[{"id":50412,"href":"https:\/\/www.egemtv.com\/index.php?rest_route=\/wp\/v2\/posts\/50410\/revisions\/50412"}],"wp:featuredmedia":[{"embeddable":true,"href":"https:\/\/www.egemtv.com\/index.php?rest_route=\/wp\/v2\/media\/50411"}],"wp:attachment":[{"href":"https:\/\/www.egemtv.com\/index.php?rest_route=%2Fwp%2Fv2%2Fmedia&parent=50410"}],"wp:term":[{"taxonomy":"category","embeddable":true,"href":"https:\/\/www.egemtv.com\/index.php?rest_route=%2Fwp%2Fv2%2Fcategories&post=50410"},{"taxonomy":"post_tag","embeddable":true,"href":"https:\/\/www.egemtv.com\/index.php?rest_route=%2Fwp%2Fv2%2Ftags&post=50410"}],"curies":[{"name":"wp","href":"https:\/\/api.w.org\/{rel}","templated":true}]}}