{"id":50407,"date":"2025-08-22T11:54:58","date_gmt":"2025-08-22T08:54:58","guid":{"rendered":"https:\/\/www.egemtv.com\/?p=50407"},"modified":"2025-08-22T11:54:59","modified_gmt":"2025-08-22T08:54:59","slug":"domanicte-hizar-atolyesinde-yangin","status":"publish","type":"post","link":"https:\/\/www.egemtv.com\/?p=50407","title":{"rendered":"Domani\u00e7\u2019te h\u0131zar at\u00f6lyesinde yang\u0131n"},"content":{"rendered":"<p>K\u00fctahya\u2019n\u0131n Domani\u00e7 il\u00e7esinde h\u0131zar at\u00f6lyesi olarak kullan\u0131lan bir binada \u00e7\u0131kan yang\u0131n, ekiplerin h\u0131zl\u0131 m\u00fcdahalesiyle b\u00fcy\u00fcmeden s\u00f6nd\u00fcr\u00fcld\u00fc.<br \/>\n<br \/>Sabah\u0131n saatlerinde Hisar Mahallesi Haymana Caddesi\u2019nde, Ahmet Sar\u0131\u2019ya (70) ait h\u0131zar at\u00f6lyesinde yang\u0131n \u00e7\u0131kt\u0131. \u0130hbar \u00fczerine Domani\u00e7 \u0130tfaiyesi ve Orman \u0130\u015fletme M\u00fcd\u00fcrl\u00fc\u011f\u00fc ekipleri k\u0131sa s\u00fcrede olay yerine sevk edildi.<br \/>\n<br \/>K\u0131sa s\u00fcrede b\u00fcy\u00fcyen alevler, ekiplerin yo\u011fun \u00e7al\u0131\u015fmas\u0131yla kontrol alt\u0131na al\u0131nd\u0131. So\u011futma \u00e7al\u0131\u015fmalar\u0131n\u0131n devam etti\u011fi yang\u0131n\u0131n, yap\u0131lan ilk incelemelere g\u00f6re elektrik tesisat\u0131ndan kaynakland\u0131\u011f\u0131 belirlendi.<br \/>\n<br \/>Yang\u0131n\u0131n \u00e7evredeki yap\u0131lara s\u0131\u00e7ramadan s\u00f6nd\u00fcr\u00fclmesi, muhtemel b\u00fcy\u00fck bir tehlikeyi \u00f6nledi.<br \/><\/p>\n","protected":false},"excerpt":{"rendered":"<p>K\u00fctahya\u2019n\u0131n Domani\u00e7 il\u00e7esinde h\u0131zar at\u00f6lyesi olarak kullan\u0131lan bir binada \u00e7\u0131kan yang\u0131n, ekiplerin h\u0131zl\u0131 m\u00fcdahalesiyle b\u00fcy\u00fcmeden s\u00f6nd\u00fcr\u00fcld\u00fc. Sabah\u0131n saatlerinde Hisar Mahallesi Haymana Caddesi\u2019nde, Ahmet Sar\u0131\u2019ya (70) ait h\u0131zar at\u00f6lyesinde yang\u0131n \u00e7\u0131kt\u0131. \u0130hbar \u00fczerine Domani\u00e7 \u0130tfaiyesi ve Orman \u0130\u015fletme M\u00fcd\u00fcrl\u00fc\u011f\u00fc ekipleri k\u0131sa s\u00fcrede olay yerine sevk edildi. K\u0131sa s\u00fcrede b\u00fcy\u00fcyen alevler, ekiplerin yo\u011fun \u00e7al\u0131\u015fmas\u0131yla kontrol alt\u0131na al\u0131nd\u0131&#8230;.<\/p>\n","protected":false},"author":1,"featured_media":50408,"comment_status":"open","ping_status":"open","sticky":false,"template":"","format":"standard","meta":{"_crdt_document":"","footnotes":""},"categories":[5],"tags":[],"class_list":["post-50407","post","type-post","status-publish","format-standard","has-post-thumbnail","hentry","category-asayis"],"_links":{"self":[{"href":"https:\/\/www.egemtv.com\/index.php?rest_route=\/wp\/v2\/posts\/50407","targetHints":{"allow":["GET"]}}],"collection":[{"href":"https:\/\/www.egemtv.com\/index.php?rest_route=\/wp\/v2\/posts"}],"about":[{"href":"https:\/\/www.egemtv.com\/index.php?rest_route=\/wp\/v2\/types\/post"}],"author":[{"embeddable":true,"href":"https:\/\/www.egemtv.com\/index.php?rest_route=\/wp\/v2\/users\/1"}],"replies":[{"embeddable":true,"href":"https:\/\/www.egemtv.com\/index.php?rest_route=%2Fwp%2Fv2%2Fcomments&post=50407"}],"version-history":[{"count":1,"href":"https:\/\/www.egemtv.com\/index.php?rest_route=\/wp\/v2\/posts\/50407\/revisions"}],"predecessor-version":[{"id":50409,"href":"https:\/\/www.egemtv.com\/index.php?rest_route=\/wp\/v2\/posts\/50407\/revisions\/50409"}],"wp:featuredmedia":[{"embeddable":true,"href":"https:\/\/www.egemtv.com\/index.php?rest_route=\/wp\/v2\/media\/50408"}],"wp:attachment":[{"href":"https:\/\/www.egemtv.com\/index.php?rest_route=%2Fwp%2Fv2%2Fmedia&parent=50407"}],"wp:term":[{"taxonomy":"category","embeddable":true,"href":"https:\/\/www.egemtv.com\/index.php?rest_route=%2Fwp%2Fv2%2Fcategories&post=50407"},{"taxonomy":"post_tag","embeddable":true,"href":"https:\/\/www.egemtv.com\/index.php?rest_route=%2Fwp%2Fv2%2Ftags&post=50407"}],"curies":[{"name":"wp","href":"https:\/\/api.w.org\/{rel}","templated":true}]}}