{"id":50404,"date":"2025-08-22T11:54:57","date_gmt":"2025-08-22T08:54:57","guid":{"rendered":"https:\/\/www.egemtv.com\/?p=50404"},"modified":"2025-08-22T11:54:58","modified_gmt":"2025-08-22T08:54:58","slug":"bakan-goktas-sehit-yakinlari-ve-gaziler-ile-bir-araya-geldi","status":"publish","type":"post","link":"https:\/\/www.egemtv.com\/?p=50404","title":{"rendered":"Bakan G\u00f6kta\u015f \u015eehit yak\u0131nlar\u0131 ve gaziler ile bir araya geldi"},"content":{"rendered":"<p>Aile ve Sosyal Hizmetler Bakan\u0131 Mahinur \u00d6zdemir G\u00f6kta\u015f, Mu\u011fla ziyaretinde \u015fehit yak\u0131nlar\u0131 ve gaziler ile bir araya geldi. Bakan G\u00f6kta\u015f, Olgunla\u015fma Enstit\u00fcs\u00fcn\u00fc de ziyaret ederek at\u00f6lyede \u00e7al\u0131\u015fan kad\u0131nlardan \u00e7al\u0131\u015fmalar hakk\u0131nda bilgi ald\u0131.<br \/>\n<br \/>Bakan G\u00f6kta\u015f, \u015fehit yak\u0131nlar\u0131 ve gaziler bulu\u015fmas\u0131nda, &#8220;Mu\u011fla\u2019da \u015fehit yak\u0131nlar\u0131m\u0131z, gazilerimiz ve STK temsilcilerimiz ile Ter\u00f6rs\u00fcz T\u00fcrkiye Karde\u015flik Sofras\u0131\u2019nda bir araya geldik. Ter\u00f6rs\u00fcz T\u00fcrkiye; huzurlu ailelerimizin, g\u00fcvenle b\u00fcy\u00fcyen evlatlar\u0131m\u0131z\u0131n T\u00fcrkiye\u2019si olacak. Bu hedefe birlik, karde\u015flik ve dayan\u0131\u015fma ruhuyla hep birlikte ula\u015faca\u011f\u0131z&#8221; dedi.<br \/>\n<br \/>Aile ve Sosyal Hizmetler Bakan\u0131 Mahinur \u00d6zdemir G\u00f6kta\u015f, Mu\u011fla Olgunla\u015fma Enstit\u00fcs\u00fc\u2019n\u00fc de ziyaret ederek at\u00f6lyelerde emek veren kad\u0131nlarla bir araya geldi. Bakan G\u00f6kta\u015f, &#8220;Enstit\u00fcm\u00fcz; k\u00fclt\u00fcrel miras\u0131m\u0131z\u0131 ya\u015fatan, geleneksel sanatlar\u0131m\u0131z\u0131 gelece\u011fe ta\u015f\u0131yan g\u00fc\u00e7l\u00fc bir k\u00f6pr\u00fc olma g\u00f6revini s\u00fcrd\u00fcr\u00fcyor. \u00dcretimleriyle \u00fclkemize de\u011fer, eme\u011fiyle bereket katan t\u00fcm kad\u0131nlara g\u00f6n\u00fclden te\u015fekk\u00fcr ediyorum&#8221; dedi.<br \/><\/p>\n","protected":false},"excerpt":{"rendered":"<p>Aile ve Sosyal Hizmetler Bakan\u0131 Mahinur \u00d6zdemir G\u00f6kta\u015f, Mu\u011fla ziyaretinde \u015fehit yak\u0131nlar\u0131 ve gaziler ile bir araya geldi. Bakan G\u00f6kta\u015f, Olgunla\u015fma Enstit\u00fcs\u00fcn\u00fc de ziyaret ederek at\u00f6lyede \u00e7al\u0131\u015fan kad\u0131nlardan \u00e7al\u0131\u015fmalar hakk\u0131nda bilgi ald\u0131. Bakan G\u00f6kta\u015f, \u015fehit yak\u0131nlar\u0131 ve gaziler bulu\u015fmas\u0131nda, &#8220;Mu\u011fla\u2019da \u015fehit yak\u0131nlar\u0131m\u0131z, gazilerimiz ve STK temsilcilerimiz ile Ter\u00f6rs\u00fcz T\u00fcrkiye Karde\u015flik Sofras\u0131\u2019nda bir araya geldik. Ter\u00f6rs\u00fcz&#8230;<\/p>\n","protected":false},"author":1,"featured_media":50405,"comment_status":"open","ping_status":"open","sticky":false,"template":"","format":"standard","meta":{"_crdt_document":"","footnotes":""},"categories":[127],"tags":[],"class_list":["post-50404","post","type-post","status-publish","format-standard","has-post-thumbnail","hentry","category-siyaset"],"_links":{"self":[{"href":"https:\/\/www.egemtv.com\/index.php?rest_route=\/wp\/v2\/posts\/50404","targetHints":{"allow":["GET"]}}],"collection":[{"href":"https:\/\/www.egemtv.com\/index.php?rest_route=\/wp\/v2\/posts"}],"about":[{"href":"https:\/\/www.egemtv.com\/index.php?rest_route=\/wp\/v2\/types\/post"}],"author":[{"embeddable":true,"href":"https:\/\/www.egemtv.com\/index.php?rest_route=\/wp\/v2\/users\/1"}],"replies":[{"embeddable":true,"href":"https:\/\/www.egemtv.com\/index.php?rest_route=%2Fwp%2Fv2%2Fcomments&post=50404"}],"version-history":[{"count":1,"href":"https:\/\/www.egemtv.com\/index.php?rest_route=\/wp\/v2\/posts\/50404\/revisions"}],"predecessor-version":[{"id":50406,"href":"https:\/\/www.egemtv.com\/index.php?rest_route=\/wp\/v2\/posts\/50404\/revisions\/50406"}],"wp:featuredmedia":[{"embeddable":true,"href":"https:\/\/www.egemtv.com\/index.php?rest_route=\/wp\/v2\/media\/50405"}],"wp:attachment":[{"href":"https:\/\/www.egemtv.com\/index.php?rest_route=%2Fwp%2Fv2%2Fmedia&parent=50404"}],"wp:term":[{"taxonomy":"category","embeddable":true,"href":"https:\/\/www.egemtv.com\/index.php?rest_route=%2Fwp%2Fv2%2Fcategories&post=50404"},{"taxonomy":"post_tag","embeddable":true,"href":"https:\/\/www.egemtv.com\/index.php?rest_route=%2Fwp%2Fv2%2Ftags&post=50404"}],"curies":[{"name":"wp","href":"https:\/\/api.w.org\/{rel}","templated":true}]}}