{"id":50401,"date":"2025-08-22T11:54:56","date_gmt":"2025-08-22T08:54:56","guid":{"rendered":"https:\/\/www.egemtv.com\/?p=50401"},"modified":"2025-08-22T11:54:57","modified_gmt":"2025-08-22T08:54:57","slug":"yangin-sehitleri-icin-anma-programi-duzenlendi","status":"publish","type":"post","link":"https:\/\/www.egemtv.com\/?p=50401","title":{"rendered":"Yang\u0131n \u015fehitleri i\u00e7in anma program\u0131 d\u00fczenlendi"},"content":{"rendered":"<p>DEN\u0130ZL\u0130 (\u0130HA) \u2013 Denizli\u2019nin Delikli\u00e7\u0131nar Meydan\u0131nda yang\u0131nla m\u00fccadele ederken \u015fehit olan ormanc\u0131lar\u0131n an\u0131ld\u0131\u011f\u0131 programda, yang\u0131nlar s\u0131ras\u0131nda \u00e7ekilen foto\u011fraflar sergilendi.<\/p>\n<p>T\u00fcrkiye Kamu \u00c7al\u0131\u015fanlar\u0131 Vakf\u0131 (T\u00dcRKAV) Denizli \u0130l Ba\u015fkanl\u0131\u011f\u0131 taraf\u0131ndan,  orman yang\u0131nlar\u0131 ile m\u00fccadele ederken \u015fehit olan kahramanlar i\u00e7in anma program\u0131 d\u00fczenlendi. Duygu dolu anlar\u0131n ya\u015fand\u0131\u011f\u0131 sergide, meydana gelen orman yang\u0131nlar\u0131n\u0131n ard\u0131ndan olu\u015fan do\u011fal tahribat, yok olan canl\u0131 ya\u015fam\u0131 ve kaybedilen ekosistem zenginlikleri, \u00e7arp\u0131c\u0131 foto\u011fraflar ve bilgilendirici panolar yer ald\u0131.<\/p>\n<p>&#8220;Ye\u015fil vatan, bize emanettir&#8221; diyen T\u00dcRKAV \u015eube Ba\u015fkan\u0131 Murat Ayd\u0131nl\u0131, yapt\u0131\u011f\u0131 konu\u015fmada; &#8220;Bu emaneti korumak; sadece bir \u00e7evre sorumlulu\u011fu de\u011fil, ayn\u0131 zamanda mill\u00ee ve manevi bir g\u00f6revdir. Yang\u0131nlara kar\u015f\u0131 can\u0131n\u0131 ortaya koyan orman i\u015f\u00e7ilerimize, g\u00fcvenlik g\u00fc\u00e7lerimize, g\u00f6n\u00fcll\u00fc vatanda\u015flar\u0131m\u0131za, \u00dclk\u00fcda\u015flar\u0131m\u0131za ve her alanda destek veren kahramanlar\u0131m\u0131za minnettar\u0131z. Bu nedenle; Yang\u0131nlarla m\u00fccadele ederken \u015fehit olan kahramanlar\u0131m\u0131za Allah\u2019tan rahmet, Yaral\u0131lar\u0131m\u0131za ise acil \u015fifalar diliyoruz. Dualar\u0131m\u0131z, bu milletin her ferdiyle, her a\u011fac\u0131yla, her damla topra\u011f\u0131ylad\u0131r. Allah, devletimizi ve milletimizi her t\u00fcrl\u00fc afet ve musibetten korusun&#8221; diye konu\u015ftu.<\/p>\n<p>&#8220;Ormanlar\u0131m\u0131z vatan topra\u011f\u0131m\u0131z\u0131n can damar\u0131d\u0131r<br \/>\n<br \/>\u00dclk\u00fc Ocaklar\u0131 \u0130l Ba\u015fkan\u0131 \u00d6zg\u00fcr Solak da anlaml\u0131 serginin d\u00fczenlenmesinde eme\u011fi ge\u00e7enlere te\u015fekk\u00fcr ederek; &#8220;T\u00fcrkiye\u2019nin farkl\u0131 b\u00f6lgelerinde meydana gelen orman yang\u0131nlar\u0131, aziz milletimizi derin bir \u00fcz\u00fcnt\u00fcye sevk etmi\u015ftir. A\u011fa\u00e7lar\u0131m\u0131z\u0131n, ormanlar\u0131m\u0131z\u0131n ve do\u011fal zenginliklerimizin alevlere teslim oldu\u011fu bu zorlu s\u00fcre\u00e7te, \u00dclk\u00fc Ocaklar\u0131 E\u011fitim ve K\u00fclt\u00fcr Vakf\u0131 olarak, Liderimiz Say\u0131n Devlet Bah\u00e7eli Beyefendi\u2019nin emir ve talimatlar\u0131 do\u011frultusunda ilk andan itibaren harekete ge\u00e7tik. \u00dclk\u00fc Ocaklar\u0131 Genel Merkezi\u2019nin koordinesinde; yang\u0131nla m\u00fccadelede g\u00f6rev alabilecek \u015fekilde e\u011fitilmi\u015f g\u00f6n\u00fcll\u00fclerimiz, ilgili kurum ve kurulu\u015flarla tam bir uyum i\u00e7inde s\u00f6nd\u00fcrme faaliyetlerine destek vermi\u015ftir. Bu kahraman g\u00f6n\u00fcll\u00fclerimiz, canlar\u0131n\u0131 hi\u00e7e sayarak ormanlar\u0131m\u0131z\u0131 korumak ad\u0131na b\u00fcy\u00fck bir \u00f6zveriyle \u00e7al\u0131\u015fm\u0131\u015flard\u0131r. Bizler i\u00e7in orman sadece a\u011fa\u00e7 de\u011fil; gelece\u011fimizin teminat\u0131, vatan topra\u011f\u0131n\u0131n can damar\u0131d\u0131r. Bu bilin\u00e7le her bir te\u015fkilat mensubumuz, ya\u015fanan felaketin y\u00fck\u00fcn\u00fc payla\u015fmakta ve milli bir sorumlulukla sahadaki g\u00f6revini yerine getirmektedir. Liderimiz Say\u0131n Devlet Bah\u00e7eli Beyefendi\u2019nin \u00e7izdi\u011fi ahlaki ve milli duru\u015f istikametinde; \u00dclk\u00fc Ocakl\u0131 gen\u00e7lik, devletine sadakatle ba\u011fl\u0131, milletinin her \u015fartta yan\u0131ndad\u0131r. Bug\u00fcn oldu\u011fu gibi yar\u0131n da ye\u015fil vatan\u0131n korunmas\u0131 i\u00e7in azim ve kararl\u0131l\u0131kla m\u00fccadelemizi s\u00fcrd\u00fcrece\u011fiz. Bu vesileyle, sahada g\u00f6rev alan t\u00fcm g\u00f6n\u00fcll\u00fclerimize, kamu personelimize ve te\u015fkilat mensuplar\u0131m\u0131za te\u015fekk\u00fcr ediyorum&#8221; ifadelerini kulland\u0131.<\/p>\n<p>A\u00e7\u0131l\u0131\u015f\u0131n yo\u011fun oldu\u011fu sergi ve anma program\u0131nda duygu dolu anlar ya\u015fand\u0131. Baz\u0131 vatanda\u015flar g\u00f6zya\u015flar\u0131n\u0131 tutamad\u0131.<br \/><\/p>\n","protected":false},"excerpt":{"rendered":"<p>DEN\u0130ZL\u0130 (\u0130HA) \u2013 Denizli\u2019nin Delikli\u00e7\u0131nar Meydan\u0131nda yang\u0131nla m\u00fccadele ederken \u015fehit olan ormanc\u0131lar\u0131n an\u0131ld\u0131\u011f\u0131 programda, yang\u0131nlar s\u0131ras\u0131nda \u00e7ekilen foto\u011fraflar sergilendi. T\u00fcrkiye Kamu \u00c7al\u0131\u015fanlar\u0131 Vakf\u0131 (T\u00dcRKAV) Denizli \u0130l Ba\u015fkanl\u0131\u011f\u0131 taraf\u0131ndan, orman yang\u0131nlar\u0131 ile m\u00fccadele ederken \u015fehit olan kahramanlar i\u00e7in anma program\u0131 d\u00fczenlendi. Duygu dolu anlar\u0131n ya\u015fand\u0131\u011f\u0131 sergide, meydana gelen orman yang\u0131nlar\u0131n\u0131n ard\u0131ndan olu\u015fan do\u011fal tahribat, yok olan&#8230;<\/p>\n","protected":false},"author":1,"featured_media":50402,"comment_status":"open","ping_status":"open","sticky":false,"template":"","format":"standard","meta":{"_crdt_document":"","footnotes":""},"categories":[123],"tags":[],"class_list":["post-50401","post","type-post","status-publish","format-standard","has-post-thumbnail","hentry","category-gundem"],"_links":{"self":[{"href":"https:\/\/www.egemtv.com\/index.php?rest_route=\/wp\/v2\/posts\/50401","targetHints":{"allow":["GET"]}}],"collection":[{"href":"https:\/\/www.egemtv.com\/index.php?rest_route=\/wp\/v2\/posts"}],"about":[{"href":"https:\/\/www.egemtv.com\/index.php?rest_route=\/wp\/v2\/types\/post"}],"author":[{"embeddable":true,"href":"https:\/\/www.egemtv.com\/index.php?rest_route=\/wp\/v2\/users\/1"}],"replies":[{"embeddable":true,"href":"https:\/\/www.egemtv.com\/index.php?rest_route=%2Fwp%2Fv2%2Fcomments&post=50401"}],"version-history":[{"count":1,"href":"https:\/\/www.egemtv.com\/index.php?rest_route=\/wp\/v2\/posts\/50401\/revisions"}],"predecessor-version":[{"id":50403,"href":"https:\/\/www.egemtv.com\/index.php?rest_route=\/wp\/v2\/posts\/50401\/revisions\/50403"}],"wp:featuredmedia":[{"embeddable":true,"href":"https:\/\/www.egemtv.com\/index.php?rest_route=\/wp\/v2\/media\/50402"}],"wp:attachment":[{"href":"https:\/\/www.egemtv.com\/index.php?rest_route=%2Fwp%2Fv2%2Fmedia&parent=50401"}],"wp:term":[{"taxonomy":"category","embeddable":true,"href":"https:\/\/www.egemtv.com\/index.php?rest_route=%2Fwp%2Fv2%2Fcategories&post=50401"},{"taxonomy":"post_tag","embeddable":true,"href":"https:\/\/www.egemtv.com\/index.php?rest_route=%2Fwp%2Fv2%2Ftags&post=50401"}],"curies":[{"name":"wp","href":"https:\/\/api.w.org\/{rel}","templated":true}]}}