{"id":50398,"date":"2025-08-22T11:34:47","date_gmt":"2025-08-22T08:34:47","guid":{"rendered":"https:\/\/www.egemtv.com\/?p=50398"},"modified":"2025-08-22T11:34:48","modified_gmt":"2025-08-22T08:34:48","slug":"bakan-bakin-aydindaki-ilk-duragi-valilik-oldu","status":"publish","type":"post","link":"https:\/\/www.egemtv.com\/?p=50398","title":{"rendered":"Bakan Bak\u2019\u0131n Ayd\u0131n\u2019daki ilk dura\u011f\u0131 Valilik oldu"},"content":{"rendered":"<p>Yat\u0131r\u0131m\u0131 tamamlanan 6 milyar TL de\u011ferindeki 23 tesisin a\u00e7\u0131l\u0131\u015f\u0131n\u0131 yapmak i\u00e7in Ayd\u0131n\u2019a gelen Gen\u00e7lik ve Spor Bakan\u0131 Osman A\u015fk\u0131n Bak\u2019\u0131n ilk dura\u011f\u0131 Ayd\u0131n Valili\u011fi oldu.<br \/>\n<br \/>Gen\u00e7lik Spor Bakanl\u0131\u011f\u0131\u2019n\u0131n yat\u0131r\u0131m projeleri aras\u0131nda yer alan Ayd\u0131n\u2019da y\u00fcr\u00fct\u00fclen \u00e7al\u0131\u015fmalar aral\u0131ks\u0131z devam ediyor. Sporun tabana yay\u0131lmas\u0131, gen\u00e7lerin spora y\u00f6nlendirilmesi ve bo\u015f zamanlar\u0131n\u0131 en iyi \u015fekilde de\u011ferlendirmeleri i\u00e7in il genelinde ger\u00e7ekle\u015ftirilen yat\u0131r\u0131mlar \u00e7er\u00e7evesinde ise 23 tesisin yap\u0131m\u0131 tamamland\u0131. Bu kapsamda Gen\u00e7lik ve Spor Bakan\u0131 Osman A\u015fk\u0131n Bak da tesislerin a\u00e7\u0131l\u0131\u015f\u0131n\u0131 ger\u00e7ekle\u015ftirmek ve yat\u0131r\u0131m s\u00fcre\u00e7lerini yerinde incelemek amac\u0131yla Ayd\u0131n\u2019a geldi.<br \/>\n<br \/>Bakan Tun\u00e7\u2019un Ayd\u0131n\u2019daki ilk dura\u011f\u0131 ise Ayd\u0131n Valili\u011fi oldu. Valilik \u00f6n\u00fcnde Vali Yakup Canbolat ve il protokol\u00fc taraf\u0131ndan kar\u015f\u0131lanan Bakan Tun\u00e7, \u00e7i\u00e7ek takdiminin ard\u0131ndan valilik makam\u0131na ge\u00e7erek Valilik Ziyaret Defteri\u2019ni imzalad\u0131. Daha sonra Valilik makam\u0131na ge\u00e7en Bakan Tun\u00e7, Vali Canbolat ve il protokol\u00fc ile g\u00f6r\u00fc\u015ft\u00fc. Valilik ziyaretinin ard\u0131ndan Bakan Tun\u00e7\u2019un ikinci ziyaretinin adresi ise AK Parti Ayd\u0131n \u0130l Ba\u015fkanl\u0131\u011f\u0131 olacak.<br \/><\/p>\n","protected":false},"excerpt":{"rendered":"<p>Yat\u0131r\u0131m\u0131 tamamlanan 6 milyar TL de\u011ferindeki 23 tesisin a\u00e7\u0131l\u0131\u015f\u0131n\u0131 yapmak i\u00e7in Ayd\u0131n\u2019a gelen Gen\u00e7lik ve Spor Bakan\u0131 Osman A\u015fk\u0131n Bak\u2019\u0131n ilk dura\u011f\u0131 Ayd\u0131n Valili\u011fi oldu. Gen\u00e7lik Spor Bakanl\u0131\u011f\u0131\u2019n\u0131n yat\u0131r\u0131m projeleri aras\u0131nda yer alan Ayd\u0131n\u2019da y\u00fcr\u00fct\u00fclen \u00e7al\u0131\u015fmalar aral\u0131ks\u0131z devam ediyor. Sporun tabana yay\u0131lmas\u0131, gen\u00e7lerin spora y\u00f6nlendirilmesi ve bo\u015f zamanlar\u0131n\u0131 en iyi \u015fekilde de\u011ferlendirmeleri i\u00e7in il genelinde&#8230;<\/p>\n","protected":false},"author":1,"featured_media":50399,"comment_status":"open","ping_status":"open","sticky":false,"template":"","format":"standard","meta":{"_crdt_document":"","footnotes":""},"categories":[1],"tags":[],"class_list":["post-50398","post","type-post","status-publish","format-standard","has-post-thumbnail","hentry","category-guncel"],"_links":{"self":[{"href":"https:\/\/www.egemtv.com\/index.php?rest_route=\/wp\/v2\/posts\/50398","targetHints":{"allow":["GET"]}}],"collection":[{"href":"https:\/\/www.egemtv.com\/index.php?rest_route=\/wp\/v2\/posts"}],"about":[{"href":"https:\/\/www.egemtv.com\/index.php?rest_route=\/wp\/v2\/types\/post"}],"author":[{"embeddable":true,"href":"https:\/\/www.egemtv.com\/index.php?rest_route=\/wp\/v2\/users\/1"}],"replies":[{"embeddable":true,"href":"https:\/\/www.egemtv.com\/index.php?rest_route=%2Fwp%2Fv2%2Fcomments&post=50398"}],"version-history":[{"count":1,"href":"https:\/\/www.egemtv.com\/index.php?rest_route=\/wp\/v2\/posts\/50398\/revisions"}],"predecessor-version":[{"id":50400,"href":"https:\/\/www.egemtv.com\/index.php?rest_route=\/wp\/v2\/posts\/50398\/revisions\/50400"}],"wp:featuredmedia":[{"embeddable":true,"href":"https:\/\/www.egemtv.com\/index.php?rest_route=\/wp\/v2\/media\/50399"}],"wp:attachment":[{"href":"https:\/\/www.egemtv.com\/index.php?rest_route=%2Fwp%2Fv2%2Fmedia&parent=50398"}],"wp:term":[{"taxonomy":"category","embeddable":true,"href":"https:\/\/www.egemtv.com\/index.php?rest_route=%2Fwp%2Fv2%2Fcategories&post=50398"},{"taxonomy":"post_tag","embeddable":true,"href":"https:\/\/www.egemtv.com\/index.php?rest_route=%2Fwp%2Fv2%2Ftags&post=50398"}],"curies":[{"name":"wp","href":"https:\/\/api.w.org\/{rel}","templated":true}]}}