{"id":50395,"date":"2025-08-22T11:34:46","date_gmt":"2025-08-22T08:34:46","guid":{"rendered":"https:\/\/www.egemtv.com\/?p=50395"},"modified":"2025-08-22T11:34:47","modified_gmt":"2025-08-22T08:34:47","slug":"inat-etti-700-rakimda-muz-yetistirdi","status":"publish","type":"post","link":"https:\/\/www.egemtv.com\/?p=50395","title":{"rendered":"\u0130nat etti, 700 rak\u0131mda muz yeti\u015ftirdi"},"content":{"rendered":"<p>Denizli\u2019nin Buldan il\u00e7esinde dokumac\u0131l\u0131k yapan Hasan Esen, 2 y\u0131l \u00f6nce Ku\u015fadas\u0131\u2019ndan askerlik arkada\u015f\u0131n\u0131n getirdi\u011fi muz fidan\u0131yla ba\u015flad\u0131\u011f\u0131 m\u00fccadelesinde mutlu sona ula\u015ft\u0131. Kom\u015fular\u0131n\u0131n &#8220;Buldan\u2019da muz yeti\u015fmez, bo\u015funa u\u011fra\u015f\u0131yorsun&#8221; demelerine ra\u011fmen fidana \u00f6zenle bakan Esen, eme\u011finin kar\u015f\u0131l\u0131\u011f\u0131n\u0131 alarak iki katl\u0131 evimin boyuna ula\u015fan a\u011fa\u00e7ta muz \u00fcretti.<\/p>\n<p>Denizli\u2019nin Buldan il\u00e7esinin en y\u00fcksek rak\u0131ml\u0131 b\u00f6lgesi olan Helvac\u0131lar Mahallesi\u2019nde ikamet eden ve dokumac\u0131l\u0131k yapan Hasan Esen, 700 rak\u0131mda muz ve limon yeti\u015ftiriyor. \u0130lk ba\u015fta kom\u015fular\u0131 yeti\u015fmeyece\u011fini s\u00f6ylemesine ra\u011fmen fidanlar\u0131 iyi bakt\u0131\u011f\u0131n\u0131 ve \u015fimdilerde muz a\u011fac\u0131, iki katl\u0131 evinden daha da uzun oldu\u011funu belirten Hasan Esen, &#8220;Muz ve limon Akdeniz b\u00f6lgesinde yeti\u015fir diye biliyordum ama imkans\u0131z\u0131 ba\u015fard\u0131k diyebilirim. Bu ba\u015far\u0131dan dolay\u0131 da \u00e7ok mutluyum&#8221; dedi.<\/p>\n<p>&#8220;Muz a\u011fac\u0131m iki katl\u0131 evimin boyuna ula\u015ft\u0131&#8221;<br \/>\n<br \/>2 y\u0131l \u00f6nce Ku\u015fadas\u0131ndan asker arkada\u015f\u0131n\u0131n muz fidan\u0131 getirdi\u011fini ve o zamandan beri fidanlar\u0131 iyi bakt\u0131\u011f\u0131n\u0131 ifade eden Hasan Esen, &#8220;Evimin \u00f6n\u00fcne fidan\u0131 diktik. Bol su ve koyun g\u00fcbresi verdim. Bana kom\u015fular\u0131m Buldan\u2019da yeti\u015fmeyece\u011fini, bo\u015funa u\u011fra\u015ft\u0131\u011f\u0131m\u0131 s\u00f6ylediler. \u0130lk ba\u015fta bende yeti\u015fece\u011fine inanm\u0131yordum. Ben, limon ve muza \u00e7ok iyi bakt\u0131m. Her iki fidan\u0131m\u0131 k\u0131\u015f geldi\u011finde naylonla so\u011fuktan muhafaza ediyorum. Limonu bu baharda diktim o da meyve verdi. Muz a\u011fac\u0131m iki katl\u0131 evimin boyuna ula\u015ft\u0131. Bol meyve veriyor. Buras\u0131 Buldan\u2019\u0131n en serin yeridir. Demek ki yerini sevdi. Muz ve limon Akdeniz b\u00f6lgesinde yeti\u015fir diye biliyordum ama imkans\u0131z\u0131 ba\u015fard\u0131k diyebilirim. Bu ba\u015far\u0131dan dolay\u0131 da \u00e7ok mutluyum&#8221; diye konu\u015ftu.<br \/><\/p>\n","protected":false},"excerpt":{"rendered":"<p>Denizli\u2019nin Buldan il\u00e7esinde dokumac\u0131l\u0131k yapan Hasan Esen, 2 y\u0131l \u00f6nce Ku\u015fadas\u0131\u2019ndan askerlik arkada\u015f\u0131n\u0131n getirdi\u011fi muz fidan\u0131yla ba\u015flad\u0131\u011f\u0131 m\u00fccadelesinde mutlu sona ula\u015ft\u0131. Kom\u015fular\u0131n\u0131n &#8220;Buldan\u2019da muz yeti\u015fmez, bo\u015funa u\u011fra\u015f\u0131yorsun&#8221; demelerine ra\u011fmen fidana \u00f6zenle bakan Esen, eme\u011finin kar\u015f\u0131l\u0131\u011f\u0131n\u0131 alarak iki katl\u0131 evimin boyuna ula\u015fan a\u011fa\u00e7ta muz \u00fcretti. Denizli\u2019nin Buldan il\u00e7esinin en y\u00fcksek rak\u0131ml\u0131 b\u00f6lgesi olan Helvac\u0131lar Mahallesi\u2019nde ikamet&#8230;<\/p>\n","protected":false},"author":1,"featured_media":50396,"comment_status":"open","ping_status":"open","sticky":false,"template":"","format":"standard","meta":{"_crdt_document":"","footnotes":""},"categories":[1],"tags":[],"class_list":["post-50395","post","type-post","status-publish","format-standard","has-post-thumbnail","hentry","category-guncel"],"_links":{"self":[{"href":"https:\/\/www.egemtv.com\/index.php?rest_route=\/wp\/v2\/posts\/50395","targetHints":{"allow":["GET"]}}],"collection":[{"href":"https:\/\/www.egemtv.com\/index.php?rest_route=\/wp\/v2\/posts"}],"about":[{"href":"https:\/\/www.egemtv.com\/index.php?rest_route=\/wp\/v2\/types\/post"}],"author":[{"embeddable":true,"href":"https:\/\/www.egemtv.com\/index.php?rest_route=\/wp\/v2\/users\/1"}],"replies":[{"embeddable":true,"href":"https:\/\/www.egemtv.com\/index.php?rest_route=%2Fwp%2Fv2%2Fcomments&post=50395"}],"version-history":[{"count":1,"href":"https:\/\/www.egemtv.com\/index.php?rest_route=\/wp\/v2\/posts\/50395\/revisions"}],"predecessor-version":[{"id":50397,"href":"https:\/\/www.egemtv.com\/index.php?rest_route=\/wp\/v2\/posts\/50395\/revisions\/50397"}],"wp:featuredmedia":[{"embeddable":true,"href":"https:\/\/www.egemtv.com\/index.php?rest_route=\/wp\/v2\/media\/50396"}],"wp:attachment":[{"href":"https:\/\/www.egemtv.com\/index.php?rest_route=%2Fwp%2Fv2%2Fmedia&parent=50395"}],"wp:term":[{"taxonomy":"category","embeddable":true,"href":"https:\/\/www.egemtv.com\/index.php?rest_route=%2Fwp%2Fv2%2Fcategories&post=50395"},{"taxonomy":"post_tag","embeddable":true,"href":"https:\/\/www.egemtv.com\/index.php?rest_route=%2Fwp%2Fv2%2Ftags&post=50395"}],"curies":[{"name":"wp","href":"https:\/\/api.w.org\/{rel}","templated":true}]}}