{"id":50392,"date":"2025-08-22T11:14:53","date_gmt":"2025-08-22T08:14:53","guid":{"rendered":"https:\/\/www.egemtv.com\/?p=50392"},"modified":"2025-08-22T11:14:54","modified_gmt":"2025-08-22T08:14:54","slug":"nazilli-belediyesi-isabeyliye-el-atti","status":"publish","type":"post","link":"https:\/\/www.egemtv.com\/?p=50392","title":{"rendered":"Nazilli Belediyesi \u0130sabeyli\u2019ye el att\u0131"},"content":{"rendered":"<p>Adnan Menderes \u00dcniversitesi\u2019nin en \u00e7ok \u00f6\u011frencisinin bulundu\u011fu mahallelerden biri olan Nazilli \u0130sabeyli Mahallesi\u2019nde okullar a\u00e7\u0131lmadan \u00f6nce Nazilli Belediyesi taraf\u0131ndan kapsaml\u0131 temizlik ve bak\u0131m \u00e7al\u0131\u015fmas\u0131 yap\u0131ld\u0131.<br \/>\n<br \/>Nazilli Belediyesi Park ve Bah\u00e7eler ile Temizlik \u0130\u015fleri M\u00fcd\u00fcrl\u00fc\u011f\u00fc ekipleri taraf\u0131ndan \u0130sabeyli Mahallesi genelinde ot bi\u00e7me, budama ve kapsaml\u0131 temizlik \u00e7al\u0131\u015fmas\u0131 ile \u0130sabeyli okullar a\u00e7\u0131lmadan \u00f6nce p\u0131r\u0131l p\u0131r\u0131l yap\u0131ld\u0131. Tercih d\u00f6nemi \u00f6ncesinde yap\u0131lan bu \u00e7al\u0131\u015fma hem mahalle sakinlerini ve ev sahiplerini sevindirirdi. \u0130sabeyli\u2019nin daha d\u00fczenli ve ferah bir g\u00f6r\u00fcn\u00fcme kavu\u015fmas\u0131 i\u00e7in sabah\u0131n erken saatlerinde ba\u015flayan \u00e7al\u0131\u015fmalarda; yol kenarlar\u0131, parklar ve ortak kullan\u0131m alanlar\u0131 detayl\u0131 \u015fekilde temizlendi.<br \/>\n<br \/>Kent genelinde y\u00fcr\u00fct\u00fclen temizlik \u00e7al\u0131\u015fmalar\u0131n\u0131n aral\u0131ks\u0131z s\u00fcrd\u00fc\u011f\u00fcn\u00fc belirten Nazilli Belediye Ba\u015fkan\u0131 Dr. Ertu\u011frul Tetik; &#8220;Halk\u0131m\u0131z\u0131n daha sa\u011fl\u0131kl\u0131 ve g\u00fczel bir ortamda ya\u015famalar\u0131 i\u00e7in ekiplerimiz gece g\u00fcnd\u00fcz demeden \u00e7al\u0131\u015f\u0131yor. Nazilli\u2019nin t\u00fcm mahallelerinde ayn\u0131 \u00f6zveriyle hizmet vermeye devam edece\u011fiz&#8221; a\u00e7\u0131klamas\u0131nda bulundu.<br \/><\/p>\n","protected":false},"excerpt":{"rendered":"<p>Adnan Menderes \u00dcniversitesi\u2019nin en \u00e7ok \u00f6\u011frencisinin bulundu\u011fu mahallelerden biri olan Nazilli \u0130sabeyli Mahallesi\u2019nde okullar a\u00e7\u0131lmadan \u00f6nce Nazilli Belediyesi taraf\u0131ndan kapsaml\u0131 temizlik ve bak\u0131m \u00e7al\u0131\u015fmas\u0131 yap\u0131ld\u0131. Nazilli Belediyesi Park ve Bah\u00e7eler ile Temizlik \u0130\u015fleri M\u00fcd\u00fcrl\u00fc\u011f\u00fc ekipleri taraf\u0131ndan \u0130sabeyli Mahallesi genelinde ot bi\u00e7me, budama ve kapsaml\u0131 temizlik \u00e7al\u0131\u015fmas\u0131 ile \u0130sabeyli okullar a\u00e7\u0131lmadan \u00f6nce p\u0131r\u0131l p\u0131r\u0131l yap\u0131ld\u0131. Tercih&#8230;<\/p>\n","protected":false},"author":1,"featured_media":50393,"comment_status":"open","ping_status":"open","sticky":false,"template":"","format":"standard","meta":{"_crdt_document":"","footnotes":""},"categories":[1],"tags":[],"class_list":["post-50392","post","type-post","status-publish","format-standard","has-post-thumbnail","hentry","category-guncel"],"_links":{"self":[{"href":"https:\/\/www.egemtv.com\/index.php?rest_route=\/wp\/v2\/posts\/50392","targetHints":{"allow":["GET"]}}],"collection":[{"href":"https:\/\/www.egemtv.com\/index.php?rest_route=\/wp\/v2\/posts"}],"about":[{"href":"https:\/\/www.egemtv.com\/index.php?rest_route=\/wp\/v2\/types\/post"}],"author":[{"embeddable":true,"href":"https:\/\/www.egemtv.com\/index.php?rest_route=\/wp\/v2\/users\/1"}],"replies":[{"embeddable":true,"href":"https:\/\/www.egemtv.com\/index.php?rest_route=%2Fwp%2Fv2%2Fcomments&post=50392"}],"version-history":[{"count":1,"href":"https:\/\/www.egemtv.com\/index.php?rest_route=\/wp\/v2\/posts\/50392\/revisions"}],"predecessor-version":[{"id":50394,"href":"https:\/\/www.egemtv.com\/index.php?rest_route=\/wp\/v2\/posts\/50392\/revisions\/50394"}],"wp:featuredmedia":[{"embeddable":true,"href":"https:\/\/www.egemtv.com\/index.php?rest_route=\/wp\/v2\/media\/50393"}],"wp:attachment":[{"href":"https:\/\/www.egemtv.com\/index.php?rest_route=%2Fwp%2Fv2%2Fmedia&parent=50392"}],"wp:term":[{"taxonomy":"category","embeddable":true,"href":"https:\/\/www.egemtv.com\/index.php?rest_route=%2Fwp%2Fv2%2Fcategories&post=50392"},{"taxonomy":"post_tag","embeddable":true,"href":"https:\/\/www.egemtv.com\/index.php?rest_route=%2Fwp%2Fv2%2Ftags&post=50392"}],"curies":[{"name":"wp","href":"https:\/\/api.w.org\/{rel}","templated":true}]}}