{"id":50389,"date":"2025-08-22T10:54:53","date_gmt":"2025-08-22T07:54:53","guid":{"rendered":"https:\/\/www.egemtv.com\/?p=50389"},"modified":"2025-08-22T10:54:54","modified_gmt":"2025-08-22T07:54:54","slug":"izmirde-yeni-ogrenci-servis-tarifesi-onaylandi","status":"publish","type":"post","link":"https:\/\/www.egemtv.com\/?p=50389","title":{"rendered":"\u0130zmir\u2019de yeni \u00f6\u011frenci servis tarifesi onayland\u0131"},"content":{"rendered":"<p>\u0130zmir B\u00fcy\u00fck\u015fehir Belediyesi Meclisi\u2019nde g\u00f6r\u00fc\u015f\u00fclen 2025-2026 E\u011fitim ve \u00d6\u011fretim Sezonu \u00f6\u011frenci servis fiyat tarifesine g\u00f6re en yak\u0131n mesafe olan 0-3 kilometre, devlet okullar\u0131nda 2 bin 762 TL, anaokulu ve \u00f6zel okullarda ise 3 bin 313 TL oldu.<br \/>\n<br \/>\u0130zmir B\u00fcy\u00fck\u015fehir Belediyesi Meclisi\u2019nde g\u00f6r\u00fc\u015f\u00fclen 2025-2026 E\u011fitim ve \u00d6\u011fretim Sezonu \u00f6\u011frenci servisi fiyat tarifesi imzalanarak onayland\u0131. Tarifeye g\u00f6re en yak\u0131n mesafe olan 0-3 kilometre \u00fccreti; devlet okullar\u0131nda 2 bin 762 TL, anaokulu ve \u00f6zel okullarda 3 bin 313 TL\u2019ye y\u00fckseldi.<br \/>\n<br \/>Ara\u00e7larda yard\u0131mc\u0131 personel (hostes) kullan\u0131lmas\u0131 durumunda mevcut fiyatlara y\u00fczde 30 eklenerek en yak\u0131n mesafe 0-3 kilometre devlet okullar\u0131nda 3 bin 590 TL, anaokullar\u0131 ve \u00f6zel okullarda da 4 bin 306 TL oldu.<br \/>\n<br \/>\u0130zmir Otob\u00fcs\u00e7\u00fcler ve Umum Servis Ara\u00e7lar\u0131 \u0130\u015fletmecileri Esnaf Odas\u0131 Ba\u015fkan\u0131 Erdem Mert, &#8220;\u00d6\u011frenci servis tarifemizin camiam\u0131za hay\u0131rl\u0131 olmas\u0131n\u0131 diliyorum. T\u00fcm meslekta\u015flar\u0131ma kazas\u0131z belas\u0131z hay\u0131rl\u0131 i\u015fler dilerim&#8221; dedi.<br \/>\n<br \/>Servisle ilgili ma\u011fduriyet ya\u015fanmamas\u0131 i\u00e7in velilere uyar\u0131da bulunan Mert, &#8220;Devlet okullar\u0131nda fahi\u015f fiyatla ilgili bir \u015fik\u00e2yet yok. Hatta \u00e7o\u011fu okulda belirlenen \u00fccretlerin de alt\u0131nda fedak\u00e2rl\u0131k yap\u0131l\u0131yor. Esnaf\u0131m\u0131z \u00e7ocuklar\u0131m\u0131z\u0131n g\u00fcvenli\u011fi ve velilerimizin b\u00fct\u00e7esi i\u00e7in elini ta\u015f\u0131n alt\u0131na koymu\u015f durumda. Ne yaz\u0131k ki farkl\u0131 uygulamalar sadece \u00f6zel okullarda g\u00f6r\u00fcl\u00fcyor. Okul y\u00f6netimleri, velilere anla\u015fmal\u0131 firmalar\u0131n fiyatlar\u0131n\u0131 dayat\u0131yor. Bu da hem esnaf\u0131m\u0131z\u0131 hem velilerimizi ma\u011fdur ediyor. \u00c7ocuklar\u0131n\u0131 \u00f6zel okula servisle g\u00f6nderecek velilerimiz, okulun anla\u015ft\u0131\u011f\u0131 arac\u0131 firmalar yerine do\u011frudan S plakal\u0131 servis\u00e7ilerle anla\u015fs\u0131n. B\u00f6ylece hem g\u00fcvenli hizmet al\u0131rlar hem de maliyetleri fahi\u015f rakamlardan kurtulmu\u015f olur&#8221; dedi.<br \/><\/p>\n","protected":false},"excerpt":{"rendered":"<p>\u0130zmir B\u00fcy\u00fck\u015fehir Belediyesi Meclisi\u2019nde g\u00f6r\u00fc\u015f\u00fclen 2025-2026 E\u011fitim ve \u00d6\u011fretim Sezonu \u00f6\u011frenci servis fiyat tarifesine g\u00f6re en yak\u0131n mesafe olan 0-3 kilometre, devlet okullar\u0131nda 2 bin 762 TL, anaokulu ve \u00f6zel okullarda ise 3 bin 313 TL oldu. \u0130zmir B\u00fcy\u00fck\u015fehir Belediyesi Meclisi\u2019nde g\u00f6r\u00fc\u015f\u00fclen 2025-2026 E\u011fitim ve \u00d6\u011fretim Sezonu \u00f6\u011frenci servisi fiyat tarifesi imzalanarak onayland\u0131. Tarifeye g\u00f6re&#8230;<\/p>\n","protected":false},"author":1,"featured_media":50390,"comment_status":"open","ping_status":"open","sticky":false,"template":"","format":"standard","meta":{"_crdt_document":"","footnotes":""},"categories":[1],"tags":[],"class_list":["post-50389","post","type-post","status-publish","format-standard","has-post-thumbnail","hentry","category-guncel"],"_links":{"self":[{"href":"https:\/\/www.egemtv.com\/index.php?rest_route=\/wp\/v2\/posts\/50389","targetHints":{"allow":["GET"]}}],"collection":[{"href":"https:\/\/www.egemtv.com\/index.php?rest_route=\/wp\/v2\/posts"}],"about":[{"href":"https:\/\/www.egemtv.com\/index.php?rest_route=\/wp\/v2\/types\/post"}],"author":[{"embeddable":true,"href":"https:\/\/www.egemtv.com\/index.php?rest_route=\/wp\/v2\/users\/1"}],"replies":[{"embeddable":true,"href":"https:\/\/www.egemtv.com\/index.php?rest_route=%2Fwp%2Fv2%2Fcomments&post=50389"}],"version-history":[{"count":1,"href":"https:\/\/www.egemtv.com\/index.php?rest_route=\/wp\/v2\/posts\/50389\/revisions"}],"predecessor-version":[{"id":50391,"href":"https:\/\/www.egemtv.com\/index.php?rest_route=\/wp\/v2\/posts\/50389\/revisions\/50391"}],"wp:featuredmedia":[{"embeddable":true,"href":"https:\/\/www.egemtv.com\/index.php?rest_route=\/wp\/v2\/media\/50390"}],"wp:attachment":[{"href":"https:\/\/www.egemtv.com\/index.php?rest_route=%2Fwp%2Fv2%2Fmedia&parent=50389"}],"wp:term":[{"taxonomy":"category","embeddable":true,"href":"https:\/\/www.egemtv.com\/index.php?rest_route=%2Fwp%2Fv2%2Fcategories&post=50389"},{"taxonomy":"post_tag","embeddable":true,"href":"https:\/\/www.egemtv.com\/index.php?rest_route=%2Fwp%2Fv2%2Ftags&post=50389"}],"curies":[{"name":"wp","href":"https:\/\/api.w.org\/{rel}","templated":true}]}}