{"id":50386,"date":"2025-08-22T10:54:52","date_gmt":"2025-08-22T07:54:52","guid":{"rendered":"https:\/\/www.egemtv.com\/?p=50386"},"modified":"2025-08-22T10:54:53","modified_gmt":"2025-08-22T07:54:53","slug":"ispartada-cop-depolama-alanina-3-lot-projesi-calismalari-suruyor","status":"publish","type":"post","link":"https:\/\/www.egemtv.com\/?p=50386","title":{"rendered":"Isparta\u2019da \u00c7\u00f6p Depolama Alan\u0131na 3. Lot Projesi \u00e7al\u0131\u015fmalar\u0131 s\u00fcr\u00fcyor"},"content":{"rendered":"<p>Isparta Belediye Ba\u015fkan\u0131 \u015e\u00fckr\u00fc Ba\u015fde\u011firmen, merkez ve 9 il\u00e7enin evsel at\u0131klar\u0131n\u0131n depolanmas\u0131 amac\u0131yla G\u00f6ller B\u00f6lgesi Belediyeler Birli\u011fi (BEL-B\u0130R) taraf\u0131ndan Ko\u00e7tepe\u2019de bulunan D\u00fczenli \u00c7\u00f6p Depolama Alan\u0131n\u0131n g\u00fcn\u00fcn \u015fartlar\u0131na cevap verememesi dolay\u0131s\u0131yla yap\u0131m\u0131na ba\u015flanan \u00c7\u00f6p Depolama Alan\u0131na 3. Lot a\u00e7\u0131l\u0131m\u0131 alan\u0131nda incelemelerde bulundu. Ba\u015fkan Ba\u015fde\u011firmen, &#8220;Bu proje Isparta\u2019n\u0131n gelece\u011fine yap\u0131lan \u00e7ok \u00f6nemli ve \u00e7ok de\u011ferli \u00e7evresel yat\u0131r\u0131m. \u00c7ocuklar\u0131m\u0131za daha sa\u011fl\u0131kl\u0131, temiz bir Isparta b\u0131rakaca\u011f\u0131z&#8221; dedi.<br \/>\n<br \/>Isparta merkez ve 9 il\u00e7enin evsel at\u0131klar\u0131n\u0131n depolanmas\u0131 amac\u0131yla G\u00f6ller B\u00f6lgesi Belediyeler Birli\u011fi (BEL-B\u0130R) taraf\u0131ndan Ko\u00e7tepe\u2019de bulunan D\u00fczenli \u00c7\u00f6p Depolama Alan\u0131n\u0131n g\u00fcn\u00fcn \u015fartlar\u0131na cevap verememesi dolay\u0131s\u0131yla, \u00c7\u00f6p Depolama Alan\u0131na 3. Lot, Mekanik Ay\u0131rma ve Kompost Tesisi kazand\u0131rmak amac\u0131yla harekete ge\u00e7ilmi\u015fti. \u0130lk olarak ba\u015flanan Kat\u0131 At\u0131k D\u00fczenli Depolama Tesisi 3. Lot Yap\u0131m\u0131 Projesi\u2019nde \u00e7al\u0131\u015fmalar devam ediyor. Toplam 45 bin metrekare alanda yap\u0131lan 3. lot \u00e7al\u0131\u015fmalar\u0131nda 1 milyon metrek\u00fcpl\u00fck daha depolama hacmi olu\u015facak. 3. lot a\u00e7\u0131l\u0131m\u0131n\u0131n ard\u0131ndan yap\u0131lmas\u0131 planlanan mekanik ayr\u0131\u015ft\u0131rma tesisi ile 7 y\u0131ll\u0131k lot dolum s\u00fcresinin 21 y\u0131la \u00e7\u0131kar\u0131lmas\u0131 hedefleniyor.<br \/>\n<br \/>Belediye Ba\u015fkan\u0131 \u015e\u00fckr\u00fc Ba\u015fde\u011firmen, \u00c7\u00f6p Depolama Alan\u0131na 3. Lot a\u00e7\u0131l\u0131m\u0131 \u00e7al\u0131\u015fmalar\u0131n\u0131 yerinde inceledi, \u00e7al\u0131\u015fmalara ili\u015fkin bilgi ald\u0131. Ba\u015fkan Ba\u015fde\u011firmen\u2019e \u00e7al\u0131\u015fmalarla ilgili bilgi veren y\u00fcklenici firman\u0131n y\u00f6netim kurulu ba\u015fkan\u0131 Ozan Kutay Ayd\u0131n, projenin 45 bin metrekare alandan olu\u015ftu\u011funu, projenin amac\u0131n\u0131n \u00e7\u00f6pten gelen zehirli sular\u0131n do\u011faya ve topra\u011fa kar\u0131\u015fmas\u0131n\u0131 engelleyerek, ekosistemin sa\u011fl\u0131kl\u0131 bir \u015fekilde devam etmesini sa\u011flamak oldu\u011funu vurgulad\u0131. Ayd\u0131n, &#8220;At\u0131k sular\u0131n tahliyesi i\u00e7in yer alt\u0131 imalat\u0131 olarak 600 mm \u00e7apl\u0131 342 metre koruge boru imalat\u0131m\u0131z var. Bu imalat\u0131m\u0131z\u0131 tamamlad\u0131k. Bu sayede yukar\u0131daki kat\u0131 at\u0131k havuzuna d\u00f6k\u00fclecek. Yeralt\u0131 su tahliyesini bu \u015fekilde yapaca\u011f\u0131z. \u00c7\u00f6plerden \u00e7\u0131kacak sular\u0131n topra\u011fa kar\u0131\u015fmas\u0131n\u0131 engellemek i\u00e7in de mebran, kil \u00f6rt\u00fc, drenaj kompozit ve geotekstil uygulamas\u0131 yap\u0131lacak. Bu uygulama sonras\u0131nda at\u0131klardan gelebilecek zehirli suyun topra\u011fa ve do\u011faya kar\u0131\u015fmas\u0131 engellenmi\u015f olup, ekosistemin sa\u011fl\u0131kl\u0131 bir \u015fekilde devam etmesi sa\u011flanacak. Toplanan bu at\u0131k sular depolama tesisi giri\u015finde bulunan mevcut kat\u0131 at\u0131k havuzunun i\u00e7erisine tahliye edilecek. 875 kw\u2019l\u0131k jenerat\u00f6r\u00fcm\u00fcz var. Burada ayr\u0131\u015fma olarak bir proje d\u00fc\u015f\u00fcn\u00fcl\u00fcrse bunun altyap\u0131s\u0131 da bu proje kapsam\u0131nda. Yine sahada 200 m3 hacimli su deposu ve lot i\u00e7inde bulunan 9 adet sahra tipi yang\u0131n dolab\u0131m\u0131z var. Hem mebran\u0131n ge\u00e7irmezlik testlerini hem de yang\u0131n dolaplar\u0131n\u0131n \u00e7al\u0131\u015fma testlerini proje bitmeden yap\u0131p \u00f6yle teslim edece\u011fiz&#8221; dedi.<\/p>\n<p>Belediye Ba\u015fkan\u0131 \u015e\u00fckr\u00fc Ba\u015fde\u011firmen, 3. lot a\u00e7\u0131l\u0131m\u0131 projesinin tamamlanmas\u0131n\u0131n ard\u0131ndan mekanik ayr\u0131\u015ft\u0131rma tesisinin yap\u0131laca\u011f\u0131n\u0131 belirtti. Mekanik ayr\u0131\u015ft\u0131rma tesisi yap\u0131ld\u0131\u011f\u0131 takdirde buraya gelecek at\u0131\u011f\u0131n 3\u2019te 1 oran\u0131na indirilece\u011fine i\u015faret eden Ba\u015fkan Ba\u015fde\u011firmen, &#8220;\u015eu anda ayr\u0131\u015fmad\u0131\u011f\u0131 i\u00e7in i\u00e7erisinde ka\u011f\u0131t, plastik, tekstil gibi at\u0131klar var. Bu nedenle daha fazla y\u0131\u011f\u0131lma oluyor. Ayr\u0131\u015ft\u0131rma projesinin ard\u0131ndan kompost tesisi kuraca\u011f\u0131z. G\u00fcnl\u00fck evsel at\u0131klar\u0131 g\u00fcbre haline getirece\u011fiz. Burada \u00f6nemli olan 3. lotun a\u00e7\u0131lmas\u0131yd\u0131. 3. lottan sonra di\u011fer projelerimizi yapaca\u011f\u0131z. B\u00f6ylelikle uzun y\u0131llar problemi kald\u0131rm\u0131\u015f olaca\u011f\u0131z. Bu proje Isparta\u2019n\u0131n gelece\u011fine yap\u0131lan \u00e7ok \u00f6nemli ve \u00e7ok de\u011ferli \u00e7evresel yat\u0131r\u0131m. \u0130l\u00e7e ve k\u00f6ylerimizin \u00e7\u00f6plerini de buraya al\u0131yoruz. BEL-B\u0130R\u2019in bir \u00e7al\u0131\u015fmas\u0131. B\u00fct\u00e7esi de BEL-B\u0130R kanal\u0131yla \u00f6deniyor. Bu yat\u0131r\u0131m\u0131n BEL-B\u0130R\u2019e maliyeti kdv dahil 110 milyon lira. Arkas\u0131ndan gelecek 100 milyon liral\u0131k bir yat\u0131r\u0131m daha var. O da ayr\u0131\u015ft\u0131rma ve kompost tesisi. Isparta\u2019n\u0131n gelece\u011fine 210 milyon liral\u0131k \u00e7ok g\u00fczel bir yat\u0131r\u0131m yap\u0131yoruz. \u00c7ocuklar\u0131m\u0131za daha sa\u011fl\u0131kl\u0131, temiz bir Isparta b\u0131rakaca\u011f\u0131z. T\u00fcm amac\u0131m\u0131z budur&#8221; dedi.<br \/>\n<br \/>Bu projenin ortaklar\u0131n\u0131n BEL-B\u0130R \u00fcyeleri oldu\u011funa de\u011finen Ba\u015fkan Ba\u015fde\u011firmen, BEL-B\u0130R \u00fcyeleriyle de alana geleceklerini ve projeyi hep birlikte yerinde inceleyeceklerini s\u00f6yledi. Ba\u015fkan Ba\u015fde\u011firmen, &#8220;\u00c7\u00f6p \u00fcreten her kurum buraya \u00e7\u00f6p d\u00f6kebiliyor. \u00dcye olan kurumlar\u0131n kilo ba\u015f\u0131na verdi\u011fi rakam 10 lira, \u00fcye olmayanlar\u0131n verdi\u011fi 30 lirad\u0131r. Bu rakamlar\u0131 \u00f6dedi\u011fi s\u00fcrece herkes \u00e7\u00f6p\u00fcn\u00fc buraya d\u00f6kebilir. \u015eehrimizi t\u00fcm kurumlarla temiz tutmak zorunday\u0131z. B\u00f6yle bir yat\u0131r\u0131m\u0131 yapmaktan bir belediye ba\u015fkan\u0131 olarak memnun oldu\u011fumu, bize destek veren arkada\u015flar\u0131m\u0131za da te\u015fekk\u00fcr etti\u011fimi s\u00f6ylemek istiyorum&#8221; ifadelerinde bulundu.<br \/>\n<br \/>Vatanda\u015flara evsel at\u0131k konusunda uyar\u0131larda bulunan Ba\u015fkan Ba\u015fde\u011firmen, &#8220;Suyu tasarruflu kullanal\u0131m diye s\u00fcrekli uyar\u0131yoruz. Ayn\u0131 durum at\u0131k \u00fcretmeyle de ge\u00e7erli. Zamanla bunlar\u0131 d\u00f6kecek bir yer de bulunamayabilir. O kadar \u00e7ok at\u0131\u011f\u0131m\u0131z var ve israf yap\u0131yoruz ki bundan vazge\u00e7mek zorunday\u0131z. Depolar\u0131m\u0131z\u0131 yapar\u0131z ama g\u00fcn gelir suyun olmad\u0131\u011f\u0131 gibi at\u0131klar\u0131 d\u00f6kecek yer de bulamayabiliriz. Her \u015feyde dikkatli davranmakta fayda var. Vatanda\u015flar\u0131m\u0131zdan ricam\u0131z at\u0131klar\u0131m\u0131zda israfl\u0131 olmayal\u0131m&#8221; dedi.<br \/>\n<br \/>Son yap\u0131lan depolama alan\u0131n\u0131n 7 y\u0131lda doldu\u011funu belirten Ba\u015fkan Ba\u015fde\u011firmen, ayr\u0131\u015ft\u0131rma tesisi yap\u0131ld\u0131\u011f\u0131 takdirde 7 y\u0131ll\u0131k s\u00fcrenin 21 y\u0131la \u00e7\u0131kaca\u011f\u0131n\u0131 s\u00f6yledi. Ba\u015fkan Ba\u015fde\u011firmen, &#8220;Mekanik ayr\u0131\u015ft\u0131rma tesisi ile at\u0131klar\u0131n i\u015fe yarayanlar\u0131n\u0131 ayr\u0131\u015ft\u0131raca\u011f\u0131z ayr\u0131\u015ft\u0131r\u0131lmayanlar\u0131 lota d\u00f6kece\u011fiz, ondan da elektrik \u00fcretece\u011fiz. \u00c7al\u0131\u015fmam\u0131z budur. Ayr\u0131\u015ft\u0131rmadan \u00e7\u0131kan at\u0131klar geri d\u00f6n\u00fc\u015f\u00fcme gidecek at\u0131klard\u0131r, onlar da maddi gelir getirecektir. Ayn\u0131 zamanda daha temiz bir \u00e7evre ve hava olacak&#8221; \u015feklinde konu\u015ftu.<br \/>\n<br \/>Belediye Ba\u015fkan\u0131 \u015e\u00fckr\u00fc Ba\u015fde\u011firmen, y\u00fcklenici firman\u0131n projeyi kas\u0131m ay\u0131n\u0131n sonuna kadar tamamlayaca\u011f\u0131n\u0131 s\u00f6yledi\u011fini bildirdi.<br \/><\/p>\n","protected":false},"excerpt":{"rendered":"<p>Isparta Belediye Ba\u015fkan\u0131 \u015e\u00fckr\u00fc Ba\u015fde\u011firmen, merkez ve 9 il\u00e7enin evsel at\u0131klar\u0131n\u0131n depolanmas\u0131 amac\u0131yla G\u00f6ller B\u00f6lgesi Belediyeler Birli\u011fi (BEL-B\u0130R) taraf\u0131ndan Ko\u00e7tepe\u2019de bulunan D\u00fczenli \u00c7\u00f6p Depolama Alan\u0131n\u0131n g\u00fcn\u00fcn \u015fartlar\u0131na cevap verememesi dolay\u0131s\u0131yla yap\u0131m\u0131na ba\u015flanan \u00c7\u00f6p Depolama Alan\u0131na 3. Lot a\u00e7\u0131l\u0131m\u0131 alan\u0131nda incelemelerde bulundu. Ba\u015fkan Ba\u015fde\u011firmen, &#8220;Bu proje Isparta\u2019n\u0131n gelece\u011fine yap\u0131lan \u00e7ok \u00f6nemli ve \u00e7ok de\u011ferli \u00e7evresel yat\u0131r\u0131m&#8230;.<\/p>\n","protected":false},"author":1,"featured_media":50387,"comment_status":"open","ping_status":"open","sticky":false,"template":"","format":"standard","meta":{"_crdt_document":"","footnotes":""},"categories":[1],"tags":[],"class_list":["post-50386","post","type-post","status-publish","format-standard","has-post-thumbnail","hentry","category-guncel"],"_links":{"self":[{"href":"https:\/\/www.egemtv.com\/index.php?rest_route=\/wp\/v2\/posts\/50386","targetHints":{"allow":["GET"]}}],"collection":[{"href":"https:\/\/www.egemtv.com\/index.php?rest_route=\/wp\/v2\/posts"}],"about":[{"href":"https:\/\/www.egemtv.com\/index.php?rest_route=\/wp\/v2\/types\/post"}],"author":[{"embeddable":true,"href":"https:\/\/www.egemtv.com\/index.php?rest_route=\/wp\/v2\/users\/1"}],"replies":[{"embeddable":true,"href":"https:\/\/www.egemtv.com\/index.php?rest_route=%2Fwp%2Fv2%2Fcomments&post=50386"}],"version-history":[{"count":1,"href":"https:\/\/www.egemtv.com\/index.php?rest_route=\/wp\/v2\/posts\/50386\/revisions"}],"predecessor-version":[{"id":50388,"href":"https:\/\/www.egemtv.com\/index.php?rest_route=\/wp\/v2\/posts\/50386\/revisions\/50388"}],"wp:featuredmedia":[{"embeddable":true,"href":"https:\/\/www.egemtv.com\/index.php?rest_route=\/wp\/v2\/media\/50387"}],"wp:attachment":[{"href":"https:\/\/www.egemtv.com\/index.php?rest_route=%2Fwp%2Fv2%2Fmedia&parent=50386"}],"wp:term":[{"taxonomy":"category","embeddable":true,"href":"https:\/\/www.egemtv.com\/index.php?rest_route=%2Fwp%2Fv2%2Fcategories&post=50386"},{"taxonomy":"post_tag","embeddable":true,"href":"https:\/\/www.egemtv.com\/index.php?rest_route=%2Fwp%2Fv2%2Ftags&post=50386"}],"curies":[{"name":"wp","href":"https:\/\/api.w.org\/{rel}","templated":true}]}}