{"id":50383,"date":"2025-08-22T10:54:52","date_gmt":"2025-08-22T07:54:52","guid":{"rendered":"https:\/\/www.egemtv.com\/?p=50383"},"modified":"2025-08-22T10:54:52","modified_gmt":"2025-08-22T07:54:52","slug":"baskan-kahveci-sehitlerimizin-bize-biraktigi-en-kiymetli-emanet-aileleridir","status":"publish","type":"post","link":"https:\/\/www.egemtv.com\/?p=50383","title":{"rendered":"Ba\u015fkan Kahveci: &#8220;\u015eehitlerimizin bize b\u0131rakt\u0131\u011f\u0131 en k\u0131ymetli emanet aileleridir&#8221;"},"content":{"rendered":"<p>K\u00fctahya Belediye Ba\u015fkan\u0131 Ey\u00fcp Kahveci, \u015fehirdeki \u015fehitliklerin peyzaj, restorasyon, bak\u0131m ve onar\u0131m \u00e7al\u0131\u015fmalar\u0131yla ilgili olarak \u015fehit aileleriyle isti\u015fare toplant\u0131s\u0131 ger\u00e7ekle\u015ftirdi.<br \/>\n<br \/>K\u00fctahya Belediyesi Konferans Salonu\u2019nda d\u00fczenlenen ve \u00e7ok say\u0131da \u015fehit yak\u0131n\u0131n\u0131n kat\u0131ld\u0131\u011f\u0131 toplant\u0131da Ba\u015fkan Kahveci, \u015fehitlerin aziz hat\u0131ras\u0131n\u0131 ya\u015fatmay\u0131 ve onlar\u0131n emanetlerine sahip \u00e7\u0131kmay\u0131 b\u00fcy\u00fck bir sorumluluk olarak g\u00f6rd\u00fcklerini belirtti. Yap\u0131lacak bak\u0131m ve yenileme s\u00fcrecinde \u015fehit ailelerinin g\u00f6r\u00fc\u015f ve \u00f6nerilerinin \u00f6ncelikli olaca\u011f\u0131n\u0131 vurgulad\u0131.<br \/>\n<br \/>Toplant\u0131da s\u00f6z alan \u015fehit yak\u0131nlar\u0131 da d\u00fc\u015f\u00fcncelerini payla\u015farak, g\u00f6sterilen hassasiyet i\u00e7in Ba\u015fkan Kahveci\u2019ye te\u015fekk\u00fcr etti.<br \/>\n<br \/>Ba\u015fkan Kahveci, &#8220;Vatan topra\u011f\u0131na d\u00fc\u015fen aziz \u015fehitlerimizin bize b\u0131rakt\u0131\u011f\u0131 en k\u0131ymetli emanet aileleridir. Bu nedenle ataca\u011f\u0131m\u0131z her ad\u0131mda sizlerin fikirleri bizim i\u00e7in yol g\u00f6sterici olacakt\u0131r. Size s\u00f6z veriyorum; taleplerinizi ve \u00f6nerilerinizi alaca\u011f\u0131z, gere\u011fini yapaca\u011f\u0131z&#8221; dedi.<br \/>\n<br \/>Toplant\u0131ya ayr\u0131ca T\u00fcrkiye Harp Malul\u00fc Gaziler \u015eehit Dul ve Yetimleri Derne\u011fi K\u00fctahya \u015eube Ba\u015fkan\u0131 As\u0131m Okat da kat\u0131larak \u015fehit ailelerinin taleplerini dinledi. Ba\u015fkan Kahveci, yap\u0131lacak \u00e7al\u0131\u015fmalar hakk\u0131nda detayl\u0131 bilgi verdi.<br \/><\/p>\n","protected":false},"excerpt":{"rendered":"<p>K\u00fctahya Belediye Ba\u015fkan\u0131 Ey\u00fcp Kahveci, \u015fehirdeki \u015fehitliklerin peyzaj, restorasyon, bak\u0131m ve onar\u0131m \u00e7al\u0131\u015fmalar\u0131yla ilgili olarak \u015fehit aileleriyle isti\u015fare toplant\u0131s\u0131 ger\u00e7ekle\u015ftirdi. K\u00fctahya Belediyesi Konferans Salonu\u2019nda d\u00fczenlenen ve \u00e7ok say\u0131da \u015fehit yak\u0131n\u0131n\u0131n kat\u0131ld\u0131\u011f\u0131 toplant\u0131da Ba\u015fkan Kahveci, \u015fehitlerin aziz hat\u0131ras\u0131n\u0131 ya\u015fatmay\u0131 ve onlar\u0131n emanetlerine sahip \u00e7\u0131kmay\u0131 b\u00fcy\u00fck bir sorumluluk olarak g\u00f6rd\u00fcklerini belirtti. Yap\u0131lacak bak\u0131m ve yenileme s\u00fcrecinde \u015fehit&#8230;<\/p>\n","protected":false},"author":1,"featured_media":50384,"comment_status":"open","ping_status":"open","sticky":false,"template":"","format":"standard","meta":{"_crdt_document":"","footnotes":""},"categories":[123],"tags":[],"class_list":["post-50383","post","type-post","status-publish","format-standard","has-post-thumbnail","hentry","category-gundem"],"_links":{"self":[{"href":"https:\/\/www.egemtv.com\/index.php?rest_route=\/wp\/v2\/posts\/50383","targetHints":{"allow":["GET"]}}],"collection":[{"href":"https:\/\/www.egemtv.com\/index.php?rest_route=\/wp\/v2\/posts"}],"about":[{"href":"https:\/\/www.egemtv.com\/index.php?rest_route=\/wp\/v2\/types\/post"}],"author":[{"embeddable":true,"href":"https:\/\/www.egemtv.com\/index.php?rest_route=\/wp\/v2\/users\/1"}],"replies":[{"embeddable":true,"href":"https:\/\/www.egemtv.com\/index.php?rest_route=%2Fwp%2Fv2%2Fcomments&post=50383"}],"version-history":[{"count":1,"href":"https:\/\/www.egemtv.com\/index.php?rest_route=\/wp\/v2\/posts\/50383\/revisions"}],"predecessor-version":[{"id":50385,"href":"https:\/\/www.egemtv.com\/index.php?rest_route=\/wp\/v2\/posts\/50383\/revisions\/50385"}],"wp:featuredmedia":[{"embeddable":true,"href":"https:\/\/www.egemtv.com\/index.php?rest_route=\/wp\/v2\/media\/50384"}],"wp:attachment":[{"href":"https:\/\/www.egemtv.com\/index.php?rest_route=%2Fwp%2Fv2%2Fmedia&parent=50383"}],"wp:term":[{"taxonomy":"category","embeddable":true,"href":"https:\/\/www.egemtv.com\/index.php?rest_route=%2Fwp%2Fv2%2Fcategories&post=50383"},{"taxonomy":"post_tag","embeddable":true,"href":"https:\/\/www.egemtv.com\/index.php?rest_route=%2Fwp%2Fv2%2Ftags&post=50383"}],"curies":[{"name":"wp","href":"https:\/\/api.w.org\/{rel}","templated":true}]}}