{"id":50380,"date":"2025-08-22T10:54:51","date_gmt":"2025-08-22T07:54:51","guid":{"rendered":"https:\/\/www.egemtv.com\/?p=50380"},"modified":"2025-08-22T10:54:52","modified_gmt":"2025-08-22T07:54:52","slug":"kutahyada-sehitler-icin-kuran-i-kerim-tilaveti-ve-mevlid-programi","status":"publish","type":"post","link":"https:\/\/www.egemtv.com\/?p=50380","title":{"rendered":"K\u00fctahya\u2019da \u015fehitler i\u00e7in Kur\u2019an-\u0131 Kerim Tilaveti ve Mevlid program\u0131"},"content":{"rendered":"<p>K\u00fctahya Belediyesi ile Harp Malul\u00fc Gaziler \u015eehit Dul ve Yetimler Derne\u011fi K\u00fctahya \u015eubesi i\u015f birli\u011fiyle d\u00fczenlenen Kur\u2019an-\u0131 Kerim Tilaveti ve Mevlid Program\u0131, Vali Musa I\u015f\u0131n\u2019\u0131n kat\u0131l\u0131m\u0131yla ger\u00e7ekle\u015ftirildi.<br \/>\n<br \/>Polis \u015eehitli\u011fi\u2019nde d\u00fczenlenen programda, A\u011fustos ay\u0131nda \u015fehit olan asker, polis ve gaziler ile 30 A\u011fustos 1922 Ba\u015fkomutanl\u0131k Meydan Muharebesi\u2019nde vatan topra\u011f\u0131na d\u00fc\u015fen kahraman \u015fehitler dualarla an\u0131ld\u0131. Programda Kur\u2019an-\u0131 Kerim tilaveti okunarak aziz \u015fehitler i\u00e7in dualar edildi.<br \/>\n<br \/>Vali Musa I\u015f\u0131n, yapt\u0131\u011f\u0131 konu\u015fmada \u015fehitlerin milletin ba\u011f\u0131ms\u0131zl\u0131\u011f\u0131 ve huzuru i\u00e7in en k\u0131ymetli varl\u0131klar\u0131 olan canlar\u0131n\u0131 feda ettiklerini belirterek, &#8220;Onlar\u0131n sayesinde biz bug\u00fcn \u00f6zg\u00fcrce ya\u015f\u0131yor, ay y\u0131ld\u0131zl\u0131 bayra\u011f\u0131m\u0131z\u0131n g\u00f6lgesinde huzur buluyoruz. \u015eehitlerimizin hat\u0131ras\u0131n\u0131 ya\u015fatmak ve emanetlerini korumak hepimizin en temel sorumlulu\u011fudur. Devletimiz, \u015fehit ailelerimizin ve gazilerimizin daima yan\u0131nda olacakt\u0131r&#8221; dedi.<br \/>\n<br \/>Programa; Belediye Ba\u015fkan\u0131 Ey\u00fcp Kahveci, \u0130l Jandarma Komutan\u0131 Albay Vedat K\u00fclt\u00fcr, \u0130l Emniyet M\u00fcd\u00fcr\u00fc Osman Elbir, Merkez Komutan\u0131 Hava Piyade Albay Orhan \u00d6zt\u00fcrk, Aile ve Sosyal Hizmetler \u0130l M\u00fcd\u00fcr\u00fc \u00dclk\u00fc Uslu, \u0130l Afet ve Acil Durum M\u00fcd\u00fcr\u00fc \u0130smail \u00d6zkan, 112 Acil \u00c7a\u011fr\u0131 Merkezi M\u00fcd\u00fcr\u00fc Tamer Yi\u011fit, K\u00fclt\u00fcr ve Turizm \u0130l M\u00fcd\u00fcr\u00fc Zekeriya \u00dcnal, K\u00fctahya Harp Malul\u00fc Gaziler \u015eehit Dul ve Yetimler Derne\u011fi Ba\u015fkan\u0131 As\u0131m Okat ile \u00e7ok say\u0131da \u015fehit ailesi, gazi, STK temsilcisi ve vatanda\u015f kat\u0131ld\u0131.<br \/><\/p>\n","protected":false},"excerpt":{"rendered":"<p>K\u00fctahya Belediyesi ile Harp Malul\u00fc Gaziler \u015eehit Dul ve Yetimler Derne\u011fi K\u00fctahya \u015eubesi i\u015f birli\u011fiyle d\u00fczenlenen Kur\u2019an-\u0131 Kerim Tilaveti ve Mevlid Program\u0131, Vali Musa I\u015f\u0131n\u2019\u0131n kat\u0131l\u0131m\u0131yla ger\u00e7ekle\u015ftirildi. Polis \u015eehitli\u011fi\u2019nde d\u00fczenlenen programda, A\u011fustos ay\u0131nda \u015fehit olan asker, polis ve gaziler ile 30 A\u011fustos 1922 Ba\u015fkomutanl\u0131k Meydan Muharebesi\u2019nde vatan topra\u011f\u0131na d\u00fc\u015fen kahraman \u015fehitler dualarla an\u0131ld\u0131. Programda Kur\u2019an-\u0131&#8230;<\/p>\n","protected":false},"author":1,"featured_media":50381,"comment_status":"open","ping_status":"open","sticky":false,"template":"","format":"standard","meta":{"_crdt_document":"","footnotes":""},"categories":[123],"tags":[],"class_list":["post-50380","post","type-post","status-publish","format-standard","has-post-thumbnail","hentry","category-gundem"],"_links":{"self":[{"href":"https:\/\/www.egemtv.com\/index.php?rest_route=\/wp\/v2\/posts\/50380","targetHints":{"allow":["GET"]}}],"collection":[{"href":"https:\/\/www.egemtv.com\/index.php?rest_route=\/wp\/v2\/posts"}],"about":[{"href":"https:\/\/www.egemtv.com\/index.php?rest_route=\/wp\/v2\/types\/post"}],"author":[{"embeddable":true,"href":"https:\/\/www.egemtv.com\/index.php?rest_route=\/wp\/v2\/users\/1"}],"replies":[{"embeddable":true,"href":"https:\/\/www.egemtv.com\/index.php?rest_route=%2Fwp%2Fv2%2Fcomments&post=50380"}],"version-history":[{"count":1,"href":"https:\/\/www.egemtv.com\/index.php?rest_route=\/wp\/v2\/posts\/50380\/revisions"}],"predecessor-version":[{"id":50382,"href":"https:\/\/www.egemtv.com\/index.php?rest_route=\/wp\/v2\/posts\/50380\/revisions\/50382"}],"wp:featuredmedia":[{"embeddable":true,"href":"https:\/\/www.egemtv.com\/index.php?rest_route=\/wp\/v2\/media\/50381"}],"wp:attachment":[{"href":"https:\/\/www.egemtv.com\/index.php?rest_route=%2Fwp%2Fv2%2Fmedia&parent=50380"}],"wp:term":[{"taxonomy":"category","embeddable":true,"href":"https:\/\/www.egemtv.com\/index.php?rest_route=%2Fwp%2Fv2%2Fcategories&post=50380"},{"taxonomy":"post_tag","embeddable":true,"href":"https:\/\/www.egemtv.com\/index.php?rest_route=%2Fwp%2Fv2%2Ftags&post=50380"}],"curies":[{"name":"wp","href":"https:\/\/api.w.org\/{rel}","templated":true}]}}