{"id":50377,"date":"2025-08-22T10:34:47","date_gmt":"2025-08-22T07:34:47","guid":{"rendered":"https:\/\/www.egemtv.com\/?p=50377"},"modified":"2025-08-22T10:34:48","modified_gmt":"2025-08-22T07:34:48","slug":"kaymakam-uguzdan-karakol-ziyareti","status":"publish","type":"post","link":"https:\/\/www.egemtv.com\/?p=50377","title":{"rendered":"Kaymakam U\u011fuz\u2019dan karakol ziyareti"},"content":{"rendered":"<p>Afyonkarahisar Dinar il\u00e7esi Kaymakam\u0131 Hasan U\u011fuz, il\u00e7eye ba\u011fl\u0131 olan Tatarl\u0131 Mahallesi\u2019nde ki jandarma karakolunu ziyaret etti.<br \/>\n<br \/>Kaymakam Hasan U\u011fuz, Tatarl\u0131 Beldesi\u2019nde g\u00f6rev yapan jandarma karakolunu ziyaret ederek \u00e7al\u0131\u015fmalar hakk\u0131nda bilgi ald\u0131. Ziyarette, g\u00fcvenlik birimlerinin il\u00e7e ve belde halk\u0131n\u0131n huzur ve g\u00fcvenli\u011fi i\u00e7in y\u00fcr\u00fctt\u00fc\u011f\u00fc faaliyetler de\u011ferlendirildi. Kaymakam U\u011fuz, jandarma personeline \u00f6zverili \u00e7al\u0131\u015fmalar\u0131ndan dolay\u0131 te\u015fekk\u00fcr etti.<br \/><\/p>\n","protected":false},"excerpt":{"rendered":"<p>Afyonkarahisar Dinar il\u00e7esi Kaymakam\u0131 Hasan U\u011fuz, il\u00e7eye ba\u011fl\u0131 olan Tatarl\u0131 Mahallesi\u2019nde ki jandarma karakolunu ziyaret etti. Kaymakam Hasan U\u011fuz, Tatarl\u0131 Beldesi\u2019nde g\u00f6rev yapan jandarma karakolunu ziyaret ederek \u00e7al\u0131\u015fmalar hakk\u0131nda bilgi ald\u0131. Ziyarette, g\u00fcvenlik birimlerinin il\u00e7e ve belde halk\u0131n\u0131n huzur ve g\u00fcvenli\u011fi i\u00e7in y\u00fcr\u00fctt\u00fc\u011f\u00fc faaliyetler de\u011ferlendirildi. Kaymakam U\u011fuz, jandarma personeline \u00f6zverili \u00e7al\u0131\u015fmalar\u0131ndan dolay\u0131 te\u015fekk\u00fcr etti.<\/p>\n","protected":false},"author":1,"featured_media":50378,"comment_status":"open","ping_status":"open","sticky":false,"template":"","format":"standard","meta":{"_crdt_document":"","footnotes":""},"categories":[123],"tags":[],"class_list":["post-50377","post","type-post","status-publish","format-standard","has-post-thumbnail","hentry","category-gundem"],"_links":{"self":[{"href":"https:\/\/www.egemtv.com\/index.php?rest_route=\/wp\/v2\/posts\/50377","targetHints":{"allow":["GET"]}}],"collection":[{"href":"https:\/\/www.egemtv.com\/index.php?rest_route=\/wp\/v2\/posts"}],"about":[{"href":"https:\/\/www.egemtv.com\/index.php?rest_route=\/wp\/v2\/types\/post"}],"author":[{"embeddable":true,"href":"https:\/\/www.egemtv.com\/index.php?rest_route=\/wp\/v2\/users\/1"}],"replies":[{"embeddable":true,"href":"https:\/\/www.egemtv.com\/index.php?rest_route=%2Fwp%2Fv2%2Fcomments&post=50377"}],"version-history":[{"count":1,"href":"https:\/\/www.egemtv.com\/index.php?rest_route=\/wp\/v2\/posts\/50377\/revisions"}],"predecessor-version":[{"id":50379,"href":"https:\/\/www.egemtv.com\/index.php?rest_route=\/wp\/v2\/posts\/50377\/revisions\/50379"}],"wp:featuredmedia":[{"embeddable":true,"href":"https:\/\/www.egemtv.com\/index.php?rest_route=\/wp\/v2\/media\/50378"}],"wp:attachment":[{"href":"https:\/\/www.egemtv.com\/index.php?rest_route=%2Fwp%2Fv2%2Fmedia&parent=50377"}],"wp:term":[{"taxonomy":"category","embeddable":true,"href":"https:\/\/www.egemtv.com\/index.php?rest_route=%2Fwp%2Fv2%2Fcategories&post=50377"},{"taxonomy":"post_tag","embeddable":true,"href":"https:\/\/www.egemtv.com\/index.php?rest_route=%2Fwp%2Fv2%2Ftags&post=50377"}],"curies":[{"name":"wp","href":"https:\/\/api.w.org\/{rel}","templated":true}]}}