{"id":50374,"date":"2025-08-22T10:34:46","date_gmt":"2025-08-22T07:34:46","guid":{"rendered":"https:\/\/www.egemtv.com\/?p=50374"},"modified":"2025-08-22T10:34:47","modified_gmt":"2025-08-22T07:34:47","slug":"aniz-yangini-ormana-sicramadan-sonduruldu","status":"publish","type":"post","link":"https:\/\/www.egemtv.com\/?p=50374","title":{"rendered":"An\u0131z yang\u0131n\u0131 ormana s\u0131\u00e7ramadan s\u00f6nd\u00fcr\u00fcld\u00fc"},"content":{"rendered":"<p>K\u00fctahya\u2019n\u0131n Domani\u00e7 il\u00e7esi \u00c7ukurca beldesi Selim Dede mevkiinde \u00e7\u0131kan an\u0131z yang\u0131n\u0131, ekiplerin h\u0131zl\u0131 m\u00fcdahalesi sayesinde ormana s\u0131\u00e7ramadan kontrol alt\u0131na al\u0131nd\u0131.<br \/>\n<br \/>Yang\u0131na, b\u00f6lge halk\u0131n\u0131n ihbar\u0131 \u00fczerine Domani\u00e7 Orman \u0130\u015fletme M\u00fcd\u00fcrl\u00fc\u011f\u00fc araz\u00f6zleri ile Domani\u00e7 ve \u00c7ukurca belediyelerine ba\u011fl\u0131 itfaiye ekipleri k\u0131sa s\u00fcrede m\u00fcdahale etti. Ekiplerin koordineli \u00e7al\u0131\u015fmas\u0131yla alevler b\u00fcy\u00fcmeden s\u00f6nd\u00fcr\u00fcld\u00fc.<br \/>\n<br \/>Yang\u0131n alan\u0131nda so\u011futma \u00e7al\u0131\u015fmalar\u0131 s\u00fcrerken, Domani\u00e7 Jandarma Komutanl\u0131\u011f\u0131 ekipleri de olayla ilgili inceleme ba\u015flatt\u0131.<br \/><\/p>\n","protected":false},"excerpt":{"rendered":"<p>K\u00fctahya\u2019n\u0131n Domani\u00e7 il\u00e7esi \u00c7ukurca beldesi Selim Dede mevkiinde \u00e7\u0131kan an\u0131z yang\u0131n\u0131, ekiplerin h\u0131zl\u0131 m\u00fcdahalesi sayesinde ormana s\u0131\u00e7ramadan kontrol alt\u0131na al\u0131nd\u0131. Yang\u0131na, b\u00f6lge halk\u0131n\u0131n ihbar\u0131 \u00fczerine Domani\u00e7 Orman \u0130\u015fletme M\u00fcd\u00fcrl\u00fc\u011f\u00fc araz\u00f6zleri ile Domani\u00e7 ve \u00c7ukurca belediyelerine ba\u011fl\u0131 itfaiye ekipleri k\u0131sa s\u00fcrede m\u00fcdahale etti. Ekiplerin koordineli \u00e7al\u0131\u015fmas\u0131yla alevler b\u00fcy\u00fcmeden s\u00f6nd\u00fcr\u00fcld\u00fc. Yang\u0131n alan\u0131nda so\u011futma \u00e7al\u0131\u015fmalar\u0131 s\u00fcrerken, Domani\u00e7 Jandarma&#8230;<\/p>\n","protected":false},"author":1,"featured_media":50375,"comment_status":"open","ping_status":"open","sticky":false,"template":"","format":"standard","meta":{"_crdt_document":"","footnotes":""},"categories":[5],"tags":[],"class_list":["post-50374","post","type-post","status-publish","format-standard","has-post-thumbnail","hentry","category-asayis"],"_links":{"self":[{"href":"https:\/\/www.egemtv.com\/index.php?rest_route=\/wp\/v2\/posts\/50374","targetHints":{"allow":["GET"]}}],"collection":[{"href":"https:\/\/www.egemtv.com\/index.php?rest_route=\/wp\/v2\/posts"}],"about":[{"href":"https:\/\/www.egemtv.com\/index.php?rest_route=\/wp\/v2\/types\/post"}],"author":[{"embeddable":true,"href":"https:\/\/www.egemtv.com\/index.php?rest_route=\/wp\/v2\/users\/1"}],"replies":[{"embeddable":true,"href":"https:\/\/www.egemtv.com\/index.php?rest_route=%2Fwp%2Fv2%2Fcomments&post=50374"}],"version-history":[{"count":1,"href":"https:\/\/www.egemtv.com\/index.php?rest_route=\/wp\/v2\/posts\/50374\/revisions"}],"predecessor-version":[{"id":50376,"href":"https:\/\/www.egemtv.com\/index.php?rest_route=\/wp\/v2\/posts\/50374\/revisions\/50376"}],"wp:featuredmedia":[{"embeddable":true,"href":"https:\/\/www.egemtv.com\/index.php?rest_route=\/wp\/v2\/media\/50375"}],"wp:attachment":[{"href":"https:\/\/www.egemtv.com\/index.php?rest_route=%2Fwp%2Fv2%2Fmedia&parent=50374"}],"wp:term":[{"taxonomy":"category","embeddable":true,"href":"https:\/\/www.egemtv.com\/index.php?rest_route=%2Fwp%2Fv2%2Fcategories&post=50374"},{"taxonomy":"post_tag","embeddable":true,"href":"https:\/\/www.egemtv.com\/index.php?rest_route=%2Fwp%2Fv2%2Ftags&post=50374"}],"curies":[{"name":"wp","href":"https:\/\/api.w.org\/{rel}","templated":true}]}}