{"id":50371,"date":"2025-08-22T10:34:45","date_gmt":"2025-08-22T07:34:45","guid":{"rendered":"https:\/\/www.egemtv.com\/?p=50371"},"modified":"2025-08-22T10:34:46","modified_gmt":"2025-08-22T07:34:46","slug":"kutahya-belediyesporlu-sporculardan-turkiye-sampiyonasinda-basari","status":"publish","type":"post","link":"https:\/\/www.egemtv.com\/?p=50371","title":{"rendered":"K\u00fctahya Belediyesporlu sporculardan T\u00fcrkiye \u015eampiyonas\u0131\u2019nda ba\u015far\u0131"},"content":{"rendered":"<p>Sinop\u2019un Gerze il\u00e7esinde d\u00fczenlenen Minikler Kura\u015f T\u00fcrkiye \u015eampiyonas\u0131\u2019nda K\u00fctahya Belediyespor\u2019un gen\u00e7 sporcular\u0131 \u00f6nemli dereceler elde etti.<br \/>\n<br \/>M\u00fcsabakalarda g\u00f6sterdikleri performansla Toprak Erda\u015f T\u00fcrkiye ikincisi, Tar\u0131k \u00d6zt\u00fcrk T\u00fcrkiye \u00fc\u00e7\u00fcnc\u00fcs\u00fc, Azra Y\u0131ld\u0131r\u0131m ise T\u00fcrkiye be\u015fincisi oldu. Sporcular\u0131n bu ba\u015far\u0131lar\u0131 kul\u00fcp ve \u015fehir ad\u0131na b\u00fcy\u00fck gurur kayna\u011f\u0131 oldu.<br \/>\n<br \/>K\u00fctahya Belediyespor\u2019dan yap\u0131lan a\u00e7\u0131klamada, &#8220;Sporcular\u0131m\u0131z\u0131 y\u00fcrekten tebrik ediyor, antren\u00f6rlerimize, y\u00f6netim kurulumuza ve desteklerini esirgemeyen K\u00fctahya Gen\u00e7lik ve Spor \u0130l M\u00fcd\u00fcrl\u00fc\u011f\u00fcne te\u015fekk\u00fcr ediyoruz&#8221; ifadelerine yer verildi.<br \/><\/p>\n","protected":false},"excerpt":{"rendered":"<p>Sinop\u2019un Gerze il\u00e7esinde d\u00fczenlenen Minikler Kura\u015f T\u00fcrkiye \u015eampiyonas\u0131\u2019nda K\u00fctahya Belediyespor\u2019un gen\u00e7 sporcular\u0131 \u00f6nemli dereceler elde etti. M\u00fcsabakalarda g\u00f6sterdikleri performansla Toprak Erda\u015f T\u00fcrkiye ikincisi, Tar\u0131k \u00d6zt\u00fcrk T\u00fcrkiye \u00fc\u00e7\u00fcnc\u00fcs\u00fc, Azra Y\u0131ld\u0131r\u0131m ise T\u00fcrkiye be\u015fincisi oldu. Sporcular\u0131n bu ba\u015far\u0131lar\u0131 kul\u00fcp ve \u015fehir ad\u0131na b\u00fcy\u00fck gurur kayna\u011f\u0131 oldu. K\u00fctahya Belediyespor\u2019dan yap\u0131lan a\u00e7\u0131klamada, &#8220;Sporcular\u0131m\u0131z\u0131 y\u00fcrekten tebrik ediyor, antren\u00f6rlerimize, y\u00f6netim kurulumuza&#8230;<\/p>\n","protected":false},"author":1,"featured_media":50372,"comment_status":"open","ping_status":"open","sticky":false,"template":"","format":"standard","meta":{"_crdt_document":"","footnotes":""},"categories":[4],"tags":[],"class_list":["post-50371","post","type-post","status-publish","format-standard","has-post-thumbnail","hentry","category-spor"],"_links":{"self":[{"href":"https:\/\/www.egemtv.com\/index.php?rest_route=\/wp\/v2\/posts\/50371","targetHints":{"allow":["GET"]}}],"collection":[{"href":"https:\/\/www.egemtv.com\/index.php?rest_route=\/wp\/v2\/posts"}],"about":[{"href":"https:\/\/www.egemtv.com\/index.php?rest_route=\/wp\/v2\/types\/post"}],"author":[{"embeddable":true,"href":"https:\/\/www.egemtv.com\/index.php?rest_route=\/wp\/v2\/users\/1"}],"replies":[{"embeddable":true,"href":"https:\/\/www.egemtv.com\/index.php?rest_route=%2Fwp%2Fv2%2Fcomments&post=50371"}],"version-history":[{"count":1,"href":"https:\/\/www.egemtv.com\/index.php?rest_route=\/wp\/v2\/posts\/50371\/revisions"}],"predecessor-version":[{"id":50373,"href":"https:\/\/www.egemtv.com\/index.php?rest_route=\/wp\/v2\/posts\/50371\/revisions\/50373"}],"wp:featuredmedia":[{"embeddable":true,"href":"https:\/\/www.egemtv.com\/index.php?rest_route=\/wp\/v2\/media\/50372"}],"wp:attachment":[{"href":"https:\/\/www.egemtv.com\/index.php?rest_route=%2Fwp%2Fv2%2Fmedia&parent=50371"}],"wp:term":[{"taxonomy":"category","embeddable":true,"href":"https:\/\/www.egemtv.com\/index.php?rest_route=%2Fwp%2Fv2%2Fcategories&post=50371"},{"taxonomy":"post_tag","embeddable":true,"href":"https:\/\/www.egemtv.com\/index.php?rest_route=%2Fwp%2Fv2%2Ftags&post=50371"}],"curies":[{"name":"wp","href":"https:\/\/api.w.org\/{rel}","templated":true}]}}