{"id":50368,"date":"2025-08-22T10:34:45","date_gmt":"2025-08-22T07:34:45","guid":{"rendered":"https:\/\/www.egemtv.com\/?p=50368"},"modified":"2025-08-22T10:34:45","modified_gmt":"2025-08-22T07:34:45","slug":"ses-tutkusunu-meslege-donusturdu","status":"publish","type":"post","link":"https:\/\/www.egemtv.com\/?p=50368","title":{"rendered":"Ses tutkusunu mesle\u011fe d\u00f6n\u00fc\u015ft\u00fcrd\u00fc"},"content":{"rendered":"<p>DEN\u0130ZL\u0130 (\u0130HA) \u2013 Denizli\u2019de otomobil ses sistemlerine olan tutkusunu mesle\u011fe \u00e7eviren gen\u00e7, 2 y\u0131lda \u00fc\u00e7 T\u00fcrkiye rekoru k\u0131rd\u0131, say\u0131s\u0131z kupa ve \u00f6d\u00fcl kazand\u0131.<\/p>\n<p>Denizli\u2019de otomobil ses sistemleri tutkusunu bir mesle\u011fe d\u00f6n\u00fc\u015ft\u00fcren 22 ya\u015f\u0131ndaki Enes Kuru, hem T\u00fcrkiye genelinde kat\u0131ld\u0131\u011f\u0131 yar\u0131\u015fmalarda elde etti\u011fi ba\u015far\u0131larla hem de kendi i\u015f yerinde sundu\u011fu hizmetlerle ad\u0131ndan s\u00f6z ettiriyor. 2 y\u0131ld\u0131r farkl\u0131 illerde d\u00fczenlenen otomobil fuarlar\u0131, festivaller ve \u2018Desibel\u2019 yar\u0131\u015fmalar\u0131nda boy g\u00f6steren Kuru, \u015fu ana kadar 3 T\u00fcrkiye rekoru k\u0131rd\u0131. Bunun yan\u0131nda ses sistemleri alan\u0131ndaki yar\u0131\u015fmalarda 8 birincilik, 2 ikincilik ve 4 \u00fc\u00e7\u00fcnc\u00fcl\u00fck elde ederek \u00f6nemli bir ba\u015far\u0131 grafi\u011fi \u00e7izdi.<\/p>\n<p>Yar\u0131\u015fmalar\u0131n yan\u0131 s\u0131ra Denizli\u2019deki ses sistemleri k\u00fclt\u00fcr\u00fcn\u00fc canland\u0131rmak i\u00e7in de u\u011fra\u015f verdi\u011fini s\u00f6yleyen Kuru, &#8220;Denizli\u2019de bu alanda \u00e7ok fazla etkinlik ya da yar\u0131\u015fma yap\u0131lm\u0131yor. Biz hem kendi ad\u0131m\u0131za hem de \u015fehrimiz ad\u0131na bir \u015feyler ortaya koymaya \u00e7al\u0131\u015f\u0131yoruz. Emek veriyoruz, yar\u0131\u015fmalara haz\u0131rlan\u0131yoruz, \u00f6d\u00fcller al\u0131yoruz. T\u00fcm bunlar Denizli\u2019nin bu sekt\u00f6rde de var olabilece\u011fini g\u00f6stermek i\u00e7in. T\u00fcrkiye\u2019nin her yerine gidiyoruz. Festivallerde, fuarlarda, oto \u015fovlarda Denizli\u2019yi en g\u00fczel \u015fekilde temsil edip, \u015fehrimizin ismini duyuruyoruz. Arabalar\u0131n \u00fczerine kurdu\u011fumuz sistemlerle de j\u00fcrilerden tam puanlar alarak T\u00fcrkiye rekorlar\u0131 k\u0131r\u0131yor, birincilikler kazan\u0131yoruz. \u00d6n\u00fcm\u00fczdeki aylarda da \u00e7evre illerde ve il\u00e7elerde d\u00fczenlenecek oto \u015fovlara kat\u0131lmaya \u015fehrimizi en g\u00fczel \u015fekilde bu alanda da tan\u0131tmaya devam edece\u011fiz. Araba tutkunlar\u0131n\u0131 i\u015fyerimize davet ediyorum &#8221; dedi.<br \/><\/p>\n","protected":false},"excerpt":{"rendered":"<p>DEN\u0130ZL\u0130 (\u0130HA) \u2013 Denizli\u2019de otomobil ses sistemlerine olan tutkusunu mesle\u011fe \u00e7eviren gen\u00e7, 2 y\u0131lda \u00fc\u00e7 T\u00fcrkiye rekoru k\u0131rd\u0131, say\u0131s\u0131z kupa ve \u00f6d\u00fcl kazand\u0131. Denizli\u2019de otomobil ses sistemleri tutkusunu bir mesle\u011fe d\u00f6n\u00fc\u015ft\u00fcren 22 ya\u015f\u0131ndaki Enes Kuru, hem T\u00fcrkiye genelinde kat\u0131ld\u0131\u011f\u0131 yar\u0131\u015fmalarda elde etti\u011fi ba\u015far\u0131larla hem de kendi i\u015f yerinde sundu\u011fu hizmetlerle ad\u0131ndan s\u00f6z ettiriyor. 2 y\u0131ld\u0131r&#8230;<\/p>\n","protected":false},"author":1,"featured_media":50369,"comment_status":"open","ping_status":"open","sticky":false,"template":"","format":"standard","meta":{"_crdt_document":"","footnotes":""},"categories":[123],"tags":[],"class_list":["post-50368","post","type-post","status-publish","format-standard","has-post-thumbnail","hentry","category-gundem"],"_links":{"self":[{"href":"https:\/\/www.egemtv.com\/index.php?rest_route=\/wp\/v2\/posts\/50368","targetHints":{"allow":["GET"]}}],"collection":[{"href":"https:\/\/www.egemtv.com\/index.php?rest_route=\/wp\/v2\/posts"}],"about":[{"href":"https:\/\/www.egemtv.com\/index.php?rest_route=\/wp\/v2\/types\/post"}],"author":[{"embeddable":true,"href":"https:\/\/www.egemtv.com\/index.php?rest_route=\/wp\/v2\/users\/1"}],"replies":[{"embeddable":true,"href":"https:\/\/www.egemtv.com\/index.php?rest_route=%2Fwp%2Fv2%2Fcomments&post=50368"}],"version-history":[{"count":1,"href":"https:\/\/www.egemtv.com\/index.php?rest_route=\/wp\/v2\/posts\/50368\/revisions"}],"predecessor-version":[{"id":50370,"href":"https:\/\/www.egemtv.com\/index.php?rest_route=\/wp\/v2\/posts\/50368\/revisions\/50370"}],"wp:featuredmedia":[{"embeddable":true,"href":"https:\/\/www.egemtv.com\/index.php?rest_route=\/wp\/v2\/media\/50369"}],"wp:attachment":[{"href":"https:\/\/www.egemtv.com\/index.php?rest_route=%2Fwp%2Fv2%2Fmedia&parent=50368"}],"wp:term":[{"taxonomy":"category","embeddable":true,"href":"https:\/\/www.egemtv.com\/index.php?rest_route=%2Fwp%2Fv2%2Fcategories&post=50368"},{"taxonomy":"post_tag","embeddable":true,"href":"https:\/\/www.egemtv.com\/index.php?rest_route=%2Fwp%2Fv2%2Ftags&post=50368"}],"curies":[{"name":"wp","href":"https:\/\/api.w.org\/{rel}","templated":true}]}}