{"id":50365,"date":"2025-08-22T10:34:44","date_gmt":"2025-08-22T07:34:44","guid":{"rendered":"https:\/\/www.egemtv.com\/?p=50365"},"modified":"2025-08-22T10:34:45","modified_gmt":"2025-08-22T07:34:45","slug":"muglada-orman-yangini-riskine-karsi-uyari","status":"publish","type":"post","link":"https:\/\/www.egemtv.com\/?p=50365","title":{"rendered":"Mu\u011fla\u2019da orman yang\u0131n\u0131 riskine kar\u015f\u0131 uyar\u0131"},"content":{"rendered":"<p>Meteoroloji 4. B\u00f6lge M\u00fcd\u00fcrl\u00fc\u011f\u00fc B\u00f6lge Tahmin ve Uyar\u0131 Merkezi, Mu\u011fla \u00e7evreleri i\u00e7in orman yang\u0131n\u0131 riski uyar\u0131da bulundu.<br \/>\n<br \/>Yap\u0131lan son meteorolojik de\u011ferlendirmelere g\u00f6re, 22 A\u011fustos 2025 saat 09.00\u2019dan 23 A\u011fustos 2025 saat 21.00\u2019e kadar b\u00f6lgede s\u0131cak ve kuru havan\u0131n etkili olmas\u0131n\u0131n beklendi\u011fi kaydedilerek &#8220;Hava s\u0131cakl\u0131klar\u0131n\u0131n 37-40 derece aras\u0131nda g\u00f6r\u00fclece\u011fi Mu\u011fla\u2019da nem oranlar\u0131 da y\u00fczde 20-30 aras\u0131nda seyredece\u011fi tahmin ediliyor. Beklenen s\u0131cak havan\u0131n neden olabilece\u011fi olumsuzluklara kar\u015f\u0131 dikkatli ve tedbirli olunmas\u0131 gerekir&#8221; ifadelerine yer verildi.<br \/><\/p>\n","protected":false},"excerpt":{"rendered":"<p>Meteoroloji 4. B\u00f6lge M\u00fcd\u00fcrl\u00fc\u011f\u00fc B\u00f6lge Tahmin ve Uyar\u0131 Merkezi, Mu\u011fla \u00e7evreleri i\u00e7in orman yang\u0131n\u0131 riski uyar\u0131da bulundu. Yap\u0131lan son meteorolojik de\u011ferlendirmelere g\u00f6re, 22 A\u011fustos 2025 saat 09.00\u2019dan 23 A\u011fustos 2025 saat 21.00\u2019e kadar b\u00f6lgede s\u0131cak ve kuru havan\u0131n etkili olmas\u0131n\u0131n beklendi\u011fi kaydedilerek &#8220;Hava s\u0131cakl\u0131klar\u0131n\u0131n 37-40 derece aras\u0131nda g\u00f6r\u00fclece\u011fi Mu\u011fla\u2019da nem oranlar\u0131 da y\u00fczde 20-30 aras\u0131nda&#8230;<\/p>\n","protected":false},"author":1,"featured_media":50366,"comment_status":"open","ping_status":"open","sticky":false,"template":"","format":"standard","meta":{"_crdt_document":"","footnotes":""},"categories":[1],"tags":[],"class_list":["post-50365","post","type-post","status-publish","format-standard","has-post-thumbnail","hentry","category-guncel"],"_links":{"self":[{"href":"https:\/\/www.egemtv.com\/index.php?rest_route=\/wp\/v2\/posts\/50365","targetHints":{"allow":["GET"]}}],"collection":[{"href":"https:\/\/www.egemtv.com\/index.php?rest_route=\/wp\/v2\/posts"}],"about":[{"href":"https:\/\/www.egemtv.com\/index.php?rest_route=\/wp\/v2\/types\/post"}],"author":[{"embeddable":true,"href":"https:\/\/www.egemtv.com\/index.php?rest_route=\/wp\/v2\/users\/1"}],"replies":[{"embeddable":true,"href":"https:\/\/www.egemtv.com\/index.php?rest_route=%2Fwp%2Fv2%2Fcomments&post=50365"}],"version-history":[{"count":1,"href":"https:\/\/www.egemtv.com\/index.php?rest_route=\/wp\/v2\/posts\/50365\/revisions"}],"predecessor-version":[{"id":50367,"href":"https:\/\/www.egemtv.com\/index.php?rest_route=\/wp\/v2\/posts\/50365\/revisions\/50367"}],"wp:featuredmedia":[{"embeddable":true,"href":"https:\/\/www.egemtv.com\/index.php?rest_route=\/wp\/v2\/media\/50366"}],"wp:attachment":[{"href":"https:\/\/www.egemtv.com\/index.php?rest_route=%2Fwp%2Fv2%2Fmedia&parent=50365"}],"wp:term":[{"taxonomy":"category","embeddable":true,"href":"https:\/\/www.egemtv.com\/index.php?rest_route=%2Fwp%2Fv2%2Fcategories&post=50365"},{"taxonomy":"post_tag","embeddable":true,"href":"https:\/\/www.egemtv.com\/index.php?rest_route=%2Fwp%2Fv2%2Ftags&post=50365"}],"curies":[{"name":"wp","href":"https:\/\/api.w.org\/{rel}","templated":true}]}}