{"id":50362,"date":"2025-08-22T10:14:49","date_gmt":"2025-08-22T07:14:49","guid":{"rendered":"https:\/\/www.egemtv.com\/?p=50362"},"modified":"2025-08-22T10:14:50","modified_gmt":"2025-08-22T07:14:50","slug":"aren-bebegi-hastanelik-eden-caninin-yargilandigi-davada-annenin-de-tutuklanmasini-istendi","status":"publish","type":"post","link":"https:\/\/www.egemtv.com\/?p=50362","title":{"rendered":"Aren bebe\u011fi hastanelik eden caninin yarg\u0131land\u0131\u011f\u0131 davada annenin de tutuklanmas\u0131n\u0131 istendi"},"content":{"rendered":"<p>Denizli\u2019de 2 ya\u015f\u0131ndaki Aren bebe\u011fi darp ederek hastanelik eden annesinin sevgilisi ve annesinin yarg\u0131land\u0131\u011f\u0131 davan\u0131n devam eden duru\u015fmas\u0131nda avukatlar, annenin de tutuklu yarg\u0131lanarak cezaland\u0131r\u0131lmas\u0131n\u0131 talep etti. Tan\u0131k doktorlar Aren bebe\u011fin hastaneye kald\u0131r\u0131ld\u0131\u011f\u0131 g\u00fcn annesinin \u00e7ocukla ilgilenmedi\u011fini ve bir \u00fcz\u00fcnt\u00fc ya\u015famad\u0131\u011f\u0131na dikkat \u00e7ekerek, anne S.D.B.\u2019ye Aren bebe\u011fin v\u00fccudundaki ge\u00e7mi\u015fe y\u00f6nelik darp izlerini sorduklar\u0131n\u0131, annenin ise \u0131srarla Aren\u2019in daha \u00f6nce darp edilmedi\u011fini ifade etti\u011fini s\u00f6yledi. Aren\u2019i darp eden san\u0131k ise su\u00e7lamalar\u0131 kabul etmeyerek kendisini aklamas\u0131 i\u00e7in tahliyesini talep etti.<\/p>\n<p>30 Nisan 2025 tarihinde Sarayk\u00f6y il\u00e7esine ba\u011fl\u0131 A\u015fa\u011f\u0131mahalle\u2019de meydana gelen olayda; e\u015finden bir s\u00fcre \u00f6nce bo\u015fanan S.B.D., ba\u015f\u0131, y\u00fcz\u00fc, s\u0131rt\u0131 ve v\u00fccudunun \u00e7e\u015fitli yerlerinde darp izleri bulunan 2 ya\u015f\u0131ndaki o\u011flu Aren\u2019i Sarayk\u00f6y Devlet Hastanesi\u2019ne getirdi. Ald\u0131\u011f\u0131 darbe nedeniyle sa\u011f g\u00f6z\u00fc tamamen kapanan ve sa\u011f kolunda yara olu\u015fan bebe\u011fin v\u00fccudunda olu\u015fan darp izlerinden \u015f\u00fcphelenen hastane personellerinin durumu polis ekiplerine bildirmesi \u00fczerine ara\u015ft\u0131rma ba\u015flat\u0131ld\u0131. Konuyla ilgili olarak ifadesine ba\u015fvurulan anne S.B.D., \u00e7ocu\u011funu birlikte ya\u015fad\u0131\u011f\u0131 erkek arkada\u015f\u0131 S.D.\u2019nin darp etti\u011fini \u00f6ne s\u00fcrd\u00fc. Ya\u015fanan olay\u0131n ard\u0131ndan ba\u015flat\u0131lan soru\u015fturmada Aren bebek koruma alt\u0131na al\u0131n\u0131rken, san\u0131k S.D tutuklanarak cezaevine g\u00f6nderildi.<\/p>\n<p>Sarayk\u00f6y 2. Asliye Ceza Mahkemesinde g\u00f6r\u00fclen duru\u015fmada Aren bebe\u011fi temsilen avukat\u0131 Ecem \u00c7a\u011fatay, Aile ve Sosyal Politikalar Bakanl\u0131\u011f\u0131n\u0131n avukatlar\u0131, san\u0131k S.D.\u2019nin avukat\u0131 salonda haz\u0131r bulundu. San\u0131k S.D., tutuklu bulundu\u011fu cezaevinden anne S.B.D.\u2019nin avukat\u0131 ise SEGB\u0130S (Ses ve G\u00f6r\u00fcnt\u00fc Bili\u015fim Sistemi) arac\u0131l\u0131\u011f\u0131yla duru\u015fmaya kat\u0131l\u0131rken anne S.B.D., duru\u015fmaya kat\u0131lmad\u0131. Narin G\u00fcran cinayetinde Diyarbak\u0131r Baro Ba\u015fkanl\u0131\u011f\u0131n\u0131n davaya kat\u0131lmas\u0131yla ba\u015far\u0131l\u0131 sonu\u00e7lar elde edildi\u011fini ve bu durumun emsal niteli\u011fine sahip oldu\u011funu ifade eden Denizli Baro Ba\u015fkanl\u0131\u011f\u0131 ile Saadet \u00d6\u011fretmen \u00c7ocuk \u0130stismar\u0131 ile M\u00fccadele Derne\u011fi davaya kat\u0131lma talebinde bulundu. Mahkeme heyeti ise Denizli Baro Ba\u015fkanl\u0131\u011f\u0131 ile Saadet \u00d6\u011fretmen \u00c7ocuk \u0130stismar\u0131 ile M\u00fccadele Derne\u011fi\u2019nin davaya kat\u0131lma talepleri su\u00e7tan zarar g\u00f6ren s\u0131fatlar\u0131n\u0131n bulunmad\u0131\u011f\u0131 gerek\u00e7esiyle reddetti.<\/p>\n<p>Aren\u2019i tedavi eden doktorlar tan\u0131k oldu<br \/>\n<br \/>Aren\u2019in v\u00fccudundaki ge\u00e7mi\u015fe y\u00f6nelik yaralanmalar\u0131 anne S.B.D.\u2019ye sorduklar\u0131nda \u0131srarla darp edilmedi\u011fini yan\u0131t\u0131n\u0131 ald\u0131klar\u0131n\u0131 ifade eden Acil Servis Doktoru Neslihan Sa\u011flam, &#8220;Aren\u2019in her yerinde \u00e7ok say\u0131da darp izi mevcuttu. Uyku halindeydi, genel durumu \u00e7ok k\u00f6t\u00fcyd\u00fc. Tomografisinde k\u0131r\u0131klar\u0131 oldu\u011funu ve eski yaralanmalar\u0131 oldu\u011funu g\u00f6rd\u00fcm. \u0130\u00e7 organlar\u0131n\u0131n yaralanmamas\u0131, beyin kanamas\u0131n\u0131n olmamas\u0131 \u015fans eseriydi. \u00c7ocu\u011fun ihtiya\u00e7lar\u0131n\u0131 biz kar\u015f\u0131lad\u0131k, kendi \u00e7ocu\u011fumun k\u0131yafetlerini getirip verdim. Anne S.B.D., sadece ara ara bize Aren\u2019in sa\u011fl\u0131k durumunu soruyordu. \u0130fade vermek \u00fczere gitti\u011fini s\u00f6yledi ve bir daha hastaneye u\u011framad\u0131. Anons yap\u0131lmas\u0131na ra\u011fmen Aren\u2019in yan\u0131na gelmedi. Anne S.B.D., bize ilk defa b\u00f6yle bir olay\u0131n oldu\u011funu, ge\u00e7mi\u015fte herhangi bir darb\u0131n olmad\u0131\u011f\u0131n\u0131 s\u00f6yledi. Aren\u2019in kal\u00e7as\u0131nda ve kolunda k\u0131r\u0131k olmu\u015f ve iyile\u015fmi\u015fti ancak daha \u00f6nce bir hastaneye ba\u015fvurusu yoktu. Anne S.B.D.\u2019ye \u00e7ocu\u011fun v\u00fccudundaki ge\u00e7mi\u015fe y\u00f6nelik yaralanmalar\u0131 sordu\u011fumuzda \u0131srarla ge\u00e7mi\u015fte darp edilmedi\u011fini s\u00f6yledi. Aren\u2019in v\u00fccudundaki yaralanmalar d\u00fc\u015fme sonucu olu\u015fan yaralanmalar de\u011fildi. V\u00fccudunda fazlaca darp izi mevcuttu&#8221; dedi.<\/p>\n<p>&#8220;Annenin tav\u0131rlar\u0131 olduk\u00e7a so\u011fukkanl\u0131yd\u0131&#8221;<br \/>\n<br \/>Acil Servis asistan doktorlar\u0131ndan \u00d6mer Faruk Ayt\u00fcrk ise &#8220;Aren\u2019in v\u00fccudunda morluklar mevcuttu. \u0130lk de\u011ferlendirmeme g\u00f6re kafatas\u0131nda k\u0131r\u0131k olabilece\u011fini d\u00fc\u015f\u00fcnd\u00fcm. \u00c7ocu\u011fun annesine hayati tehlikesinin bulundu\u011funu ilettim. Anne S.B.D.\u2019nin can\u0131 ac\u0131yan ve can\u0131 yanan anne \u00fcz\u00fcnt\u00fcs\u00fc yoktu. Ne oldu\u011funu sordu\u011fumda, &#8220;Ne olacak, babas\u0131 d\u00f6vd\u00fc&#8221; dedi. Babas\u0131 nerede diye sordu\u011fumda ise &#8220;\u0130\u00e7mi\u015ftir, evde s\u0131zm\u0131\u015ft\u0131r&#8221; yan\u0131t\u0131n\u0131 verdi. Annenin tav\u0131rlar\u0131 olduk\u00e7a so\u011fukkanl\u0131yd\u0131. Aren\u2019in kolunda bir k\u0131r\u0131k oldu\u011funu ve kaynama oldu\u011funu g\u00f6rd\u00fck. \u00c7ocu\u011fun v\u00fccudunda k\u00fc\u00e7\u00fck k\u00fc\u00e7\u00fck hem yeni hem de ge\u00e7mi\u015fe ait sigara ile uyumlu yan\u0131k izleri vard\u0131. S\u0131rt\u0131nda noktasal morluklar vard\u0131&#8221; ifadelerini kulland\u0131.<\/p>\n<p>&#8220;Annesi bana iftira at\u0131yor, tutuklu bulundu\u011fum s\u00fcrece kendimi ispatlayamam &#8221;<br \/>\n<br \/>Su\u00e7lamalar\u0131 kabul etmeyen san\u0131k S.D., &#8220;Olay g\u00fcn\u00fc S.B.D.\u2019nin hesab\u0131nda ama bana ait olan parayla kendisine otob\u00fcs biletini ben ald\u0131m. S.B.D.\u2019ye bilezik vermi\u015ftim, bunlar\u0131 da g\u00f6t\u00fcrm\u00fc\u015f. Ben burada tutuklu bulundu\u011fum s\u00fcrece su\u00e7suzlu\u011fumu ispatlayamam. S.B.D., bana iftira at\u0131yor. Aram\u0131zda bir husumet bulunmuyor, neden yapt\u0131\u011f\u0131n\u0131 bilmiyorum. Aren\u2019i ben darp etmedim. Serbest b\u0131rak\u0131lmay\u0131 talep ediyorum&#8221; dedi.<br \/>\n<br \/>Anne S.B.D.\u2019nin avukat\u0131 ise, &#8220;Adli bir vaka oldu\u011fu i\u00e7in anne polislerin yan\u0131na giderek ifade vermi\u015ftir. Tan\u0131klar bu durumu Aren ile ilgilenmedi olarak anlam\u0131\u015flar. Daha sonra ise Aren\u2019e k\u0131yafet getirmek i\u00e7in hastaneden ayr\u0131lm\u0131\u015ft\u0131r&#8221; diyerek savunma yapt\u0131.<\/p>\n<p>&#8220;San\u0131klar\u0131n olay\u0131 kapatmaya \u00e7al\u0131\u015ft\u0131klar\u0131 ortad\u0131r&#8221;<br \/>\n<br \/>Aile ve Sosyal Politikalar Bakanl\u0131\u011f\u0131 avukatlar\u0131 ise kasten \u00f6ld\u00fcrme su\u00e7unun olu\u015ftu\u011funu d\u00fc\u015f\u00fcnd\u00fcklerini, iki san\u0131\u011f\u0131nda kasten \u00f6ld\u00fcrmeye te\u015febb\u00fcs su\u00e7undan yarg\u0131lanmalar\u0131 gerekti\u011fini ifade ederek, &#8220;2 san\u0131ktan da \u015fikayet\u00e7iyiz. S.B.D.\u2019nin tutuklanmas\u0131n\u0131 talep ediyoruz. S.B.D., su\u00e7tan kurtulmaya \u00e7al\u0131\u015f\u0131yor. San\u0131klar bebe\u011fe eziyet su\u00e7unu i\u015flemi\u015flerdir. S.B.D.\u2019nin annesiyle mesajla\u015fmalar\u0131ndan da anla\u015f\u0131laca\u011f\u0131 \u00fczere \u00e7ocu\u011fun farkl\u0131 tarihlerde farkl\u0131 yaralanmalar\u0131n g\u00f6r\u00fcl\u00fcyor. San\u0131klar\u0131n olay\u0131 kapatmaya \u00e7al\u0131\u015ft\u0131klar\u0131 ortad\u0131r. S.B.D.\u2019nin ifadesinin aksine korkmu\u015f ve endi\u015feli bir anne g\u00f6r\u00fcnmedi\u011fi ortadad\u0131r. Aren\u2019in \u00f6lebilece\u011fini \u00f6ng\u00f6rmelerine ra\u011fmen kafas\u0131na darbelerde bulunmu\u015flard\u0131r. San\u0131klar\u0131n en a\u011f\u0131r cezayla cezaland\u0131r\u0131lmalar\u0131n\u0131 talep ediyoruz&#8221; dedi.<\/p>\n<p>&#8220;Ma\u011fdura san\u0131klar taraf\u0131ndan sistematik olarak \u015fiddet uygulanm\u0131\u015ft\u0131r&#8221;<br \/>\n<br \/>Aren bebe\u011fin annesinin de tutuklu yarg\u0131lanmas\u0131n\u0131 talep eden Aren bebe\u011fin avukat\u0131 Ecem \u00c7a\u011fatay, &#8220;Yarg\u0131tay\u2019\u0131n emsal karar\u0131na g\u00f6re kasten \u00f6ld\u00fcrmeye te\u015febb\u00fcs su\u00e7unun olu\u015ftu\u011funu d\u00fc\u015f\u00fcn\u00fcyoruz. Ma\u011fdura san\u0131klar taraf\u0131ndan sistematik olarak \u015fiddet uygulanm\u0131\u015ft\u0131r. S.B.D.\u2019nin ifadesinde \u00e7eli\u015fkiler mevcuttur. Anne koruma y\u00fck\u00fcml\u00fcl\u00fc\u011f\u00fcn\u00fc ihlal etmi\u015ftir. Anne bu duruma g\u00f6z yummu\u015ftur. Annenin de tutuklu yarg\u0131lanmas\u0131 kanaatindeyiz. Bu olaylarda Aren\u2019in \u015fiddet g\u00f6rmesine g\u00f6z yumuldu\u011fu a\u015fikard\u0131r. Davan\u0131n kasten \u00f6ld\u00fcrmeye te\u015febb\u00fcsten g\u00f6r\u00fclmesini, e\u011fer bu reddedilirse \u00e7ocu\u011fa eziyet su\u00e7undan san\u0131klar\u0131n yarg\u0131lanmas\u0131n\u0131 ve en \u00fcst hadden cezaland\u0131rmalar\u0131n\u0131 talep ediyoruz&#8221; ifadelerini kulland\u0131.<\/p>\n<p>Taraflar\u0131n dinlenmesinin ard\u0131ndan mahkeme heyeti san\u0131k S.D.\u2019nin tutuklu yarg\u0131lanmas\u0131n\u0131n devam\u0131na, S.B.D.\u2019nin tutuklanmas\u0131 talebinin reddine, S.B.D.\u2019nin tutuksuz yarg\u0131lanmas\u0131n\u0131n devam\u0131na karar vererek duru\u015fmay\u0131 erteledi.<\/p>\n<p>&#8220;Annenin bu \u015fiddete g\u00f6z yumdu\u011fu g\u00f6r\u00fclmektedir&#8221;<br \/>\n<br \/>Duru\u015fma sonras\u0131 \u0130hlas Haber Ajans\u0131 (\u0130HA) muhabirlerine a\u00e7\u0131klamalarda bulunan Aren bebe\u011fin avukat\u0131 Ecem \u00c7a\u011fatay, &#8220;Burada bizim i\u00e7in \u00f6nemli olan \u00e7ocu\u011fun \u00fcst\u00fcn yarar\u0131d\u0131r ve san\u0131klar\u0131n bu dosyada gerekli cezay\u0131 almas\u0131 i\u00e7in elimizden geleni yapaca\u011f\u0131z. T\u00fcm duru\u015fma ve celse boyunca m\u00fcvekkil Aren i\u00e7in annenin de tutuklulu\u011funun gerektirdi\u011fini yeniledik. Mahkeme tutukluluk talebimizi reddetti. Annenin adli kontrol karar\u0131n\u0131n devam\u0131n\u0131 s\u00fcrd\u00fcrd\u00fc. Burada gelmi\u015f olan kati raporlara da bakt\u0131\u011f\u0131m\u0131zda \u00e7ocu\u011fun defalarca \u015fiddete maruz b\u0131rak\u0131ld\u0131\u011f\u0131, gerek kal\u00e7a k\u0131r\u0131\u011f\u0131 gerek kemik k\u0131r\u0131\u011f\u0131, kolunda kaynamaya ba\u015flayan eski yaralanmalara i\u015faret eden raporlar\u0131 g\u00f6rd\u00fck. Burada \u00e7ocu\u011fa y\u00f6nelik bu \u015fiddetin aylarca s\u00fcrd\u00fc\u011f\u00fc fakat annenin bu \u015fiddete g\u00f6z yumdu\u011fu g\u00f6r\u00fclmektedir, apa\u00e7\u0131k a\u015fikard\u0131r. Biz bunu yineleyerek annenin burada adli kontrolle de\u011fil, tutukluluk \u015feklinde yarg\u0131lamas\u0131n\u0131 istedik. S\u00fcrecin en ba\u015f\u0131ndan beri bunu d\u00fc\u015f\u00fcn\u00fcyorduk. Ayn\u0131 \u015fekilde \u00e7ocu\u011fun \u00fcvey baba y\u00f6n\u00fcnden de \u015fiddete maruz kald\u0131\u011f\u0131 a\u00e7\u0131kt\u0131r. Raporlarla da sabittir \u015fu an. Fakat biz bu s\u00fcre\u00e7 boyunca annenin ihmalini tekrar tekrar yineleyece\u011fiz&#8221; \u015feklinde konu\u015ftu.<\/p>\n<p>&#8220;\u0130kisi de birbirine su\u00e7u atarak bu olaydan s\u0131y\u0131rmaya \u00e7al\u0131\u015f\u0131yorlar&#8221;<br \/>\n<br \/>Anne ve \u00fcvey baban\u0131n birbirlerini su\u00e7layarak olaydan s\u0131yr\u0131lmaya \u00e7al\u0131\u015ft\u0131\u011f\u0131n\u0131 vurgulayan avukat \u00c7a\u011fatay, &#8220;Annenin beyanlar\u0131 \u015fu y\u00f6nde, &#8220;Sadece bu darp olay\u0131 bir kere oldu. Bu sebeple hastaneye geldik&#8221; diyor. B\u00fct\u00fcn asl\u0131nda bu soru\u015fturma a\u015famas\u0131 bunun \u00fczerine ba\u015fl\u0131yor. Fakat hastanede al\u0131nan i\u015fte gerek ilk Basit T\u0131bbi M\u00fcdahale ile giderilebilir olan rapora bak\u0131ld\u0131\u011f\u0131nda gerek kati rapora bak\u0131ld\u0131\u011f\u0131nda burada \u00e7ocu\u011fun ge\u00e7mi\u015fe y\u00f6nelik yaralanmalar\u0131 g\u00f6z \u00f6n\u00fcne al\u0131n\u0131yor. Anne tabiri caizse burada ilk a\u00e7\u0131\u011f\u0131n\u0131 veriyor. Yani \u00e7ocuk muhtemelen art\u0131k ciddi yaralanmalar sonucunda koma haline d\u00f6nece\u011fi i\u00e7in anne korkuyor. Cinayet su\u00e7unu i\u015flemekle yarg\u0131lanmak yerine ihmalden ceza alaca\u011f\u0131n\u0131 d\u00fc\u015f\u00fcnerek \u00e7ocu\u011fu hastaneye getiriyor. Fakat burada dedi\u011fim gibi a\u00e7\u0131\u011fa \u00e7\u0131km\u0131\u015f bulunuyor. \u00c7ocu\u011fun \u00fczerindeki yaralanmalarda raporlarla sabit. Tutuklu san\u0131k, duru\u015fman\u0131n en ba\u015f\u0131ndan beri hatta soru\u015fturma a\u015famas\u0131n\u0131n en ba\u015f\u0131ndan beri bunu kabul etmiyor fakat burada tan\u0131klar\u0131n\u0131 da ifadeleri mevcut. Kendilerine ilk Sarayk\u00f6y\u2019e geldiklerinde kendilerini bir aile olarak, san\u0131\u011f\u0131 ise \u00e7ocu\u011fun \u00f6z babas\u0131 olarak tan\u0131t\u0131yorlar. Dolay\u0131s\u0131yla 3 ki\u015filik bir ailede ya\u015f\u0131yorlar. D\u0131\u015far\u0131dan bir m\u00fcdahale yok. Bunu gerek tan\u0131klar da ikrar ediyor. Dolay\u0131s\u0131yla bu ailenin i\u00e7inde tek bir ki\u015fi zarar g\u00f6r\u00fcyor. Burada kim sorumlu ya anne ya baba dolay\u0131s\u0131yla ikisi de birbirine su\u00e7u atarak bu olaydan s\u0131y\u0131rmaya \u00e7al\u0131\u015f\u0131yorlar. Fakat burada a\u015fikar olan ikisinin de bir i\u015fbirli\u011fi i\u00e7erisine istikrarl\u0131 olarak \u00e7ocu\u011fa istismarda bulunduklar\u0131d\u0131r&#8221; diye konu\u015ftu.<br \/><\/p>\n","protected":false},"excerpt":{"rendered":"<p>Denizli\u2019de 2 ya\u015f\u0131ndaki Aren bebe\u011fi darp ederek hastanelik eden annesinin sevgilisi ve annesinin yarg\u0131land\u0131\u011f\u0131 davan\u0131n devam eden duru\u015fmas\u0131nda avukatlar, annenin de tutuklu yarg\u0131lanarak cezaland\u0131r\u0131lmas\u0131n\u0131 talep etti. Tan\u0131k doktorlar Aren bebe\u011fin hastaneye kald\u0131r\u0131ld\u0131\u011f\u0131 g\u00fcn annesinin \u00e7ocukla ilgilenmedi\u011fini ve bir \u00fcz\u00fcnt\u00fc ya\u015famad\u0131\u011f\u0131na dikkat \u00e7ekerek, anne S.D.B.\u2019ye Aren bebe\u011fin v\u00fccudundaki ge\u00e7mi\u015fe y\u00f6nelik darp izlerini sorduklar\u0131n\u0131, annenin ise \u0131srarla&#8230;<\/p>\n","protected":false},"author":1,"featured_media":50363,"comment_status":"open","ping_status":"open","sticky":false,"template":"","format":"standard","meta":{"_crdt_document":"","footnotes":""},"categories":[5],"tags":[],"class_list":["post-50362","post","type-post","status-publish","format-standard","has-post-thumbnail","hentry","category-asayis"],"_links":{"self":[{"href":"https:\/\/www.egemtv.com\/index.php?rest_route=\/wp\/v2\/posts\/50362","targetHints":{"allow":["GET"]}}],"collection":[{"href":"https:\/\/www.egemtv.com\/index.php?rest_route=\/wp\/v2\/posts"}],"about":[{"href":"https:\/\/www.egemtv.com\/index.php?rest_route=\/wp\/v2\/types\/post"}],"author":[{"embeddable":true,"href":"https:\/\/www.egemtv.com\/index.php?rest_route=\/wp\/v2\/users\/1"}],"replies":[{"embeddable":true,"href":"https:\/\/www.egemtv.com\/index.php?rest_route=%2Fwp%2Fv2%2Fcomments&post=50362"}],"version-history":[{"count":1,"href":"https:\/\/www.egemtv.com\/index.php?rest_route=\/wp\/v2\/posts\/50362\/revisions"}],"predecessor-version":[{"id":50364,"href":"https:\/\/www.egemtv.com\/index.php?rest_route=\/wp\/v2\/posts\/50362\/revisions\/50364"}],"wp:featuredmedia":[{"embeddable":true,"href":"https:\/\/www.egemtv.com\/index.php?rest_route=\/wp\/v2\/media\/50363"}],"wp:attachment":[{"href":"https:\/\/www.egemtv.com\/index.php?rest_route=%2Fwp%2Fv2%2Fmedia&parent=50362"}],"wp:term":[{"taxonomy":"category","embeddable":true,"href":"https:\/\/www.egemtv.com\/index.php?rest_route=%2Fwp%2Fv2%2Fcategories&post=50362"},{"taxonomy":"post_tag","embeddable":true,"href":"https:\/\/www.egemtv.com\/index.php?rest_route=%2Fwp%2Fv2%2Ftags&post=50362"}],"curies":[{"name":"wp","href":"https:\/\/api.w.org\/{rel}","templated":true}]}}