{"id":50164,"date":"2025-08-21T09:56:10","date_gmt":"2025-08-21T06:56:10","guid":{"rendered":"https:\/\/www.egemtv.com\/?p=50164"},"modified":"2025-08-21T09:56:11","modified_gmt":"2025-08-21T06:56:11","slug":"kutahyali-sanatcidan-165-santimetrelik-vazo-ile-8-devlet-buyugune-vefa","status":"publish","type":"post","link":"https:\/\/www.egemtv.com\/?p=50164","title":{"rendered":"K\u00fctahyal\u0131 sanat\u00e7\u0131dan 165 santimetrelik vazo ile 8 devlet b\u00fcy\u00fc\u011f\u00fcne vefa"},"content":{"rendered":"<p>K\u00fctahya\u2019da faaliyet g\u00f6steren \u00dclkemiz De\u011ferlerini Tan\u0131tma, K\u00fclt\u00fcr ve Sanat\u0131m\u0131z\u0131 Geli\u015ftirme Derne\u011fi\u2019nin Ba\u015fkan\u0131 ve K\u00fclt\u00fcr Bakanl\u0131\u011f\u0131 \u00e7ini sanat\u00e7\u0131s\u0131 Abdurrahman Y\u0131ld\u0131z, \u00fc\u00e7 ayl\u0131k bir \u00e7al\u0131\u015fmayla 165 santimetre boyunda dev bir vazo haz\u0131rlad\u0131.<br \/>\n<br \/>Milli sanat\u00e7\u0131 Abdurrahman Y\u0131ld\u0131z, haz\u0131rlad\u0131\u011f\u0131 eserde Cumhurba\u015fkan\u0131 Recep Tayyip Erdo\u011fan, TBMM Ba\u015fkan\u0131 Numan Kurtulmu\u015f, MHP Genel Ba\u015fkan\u0131 Devlet Bah\u00e7eli, D\u0131\u015fi\u015fleri Bakan\u0131 Hakan Fidan, \u0130\u00e7i\u015fleri Bakan\u0131 Ali Yerlikaya, Baykar Y\u00f6netim Kurulu Ba\u015fkan\u0131 Sel\u00e7uk Bayraktar, M\u0130T Ba\u015fkan\u0131 \u0130brahim Kal\u0131n, eski Ba\u015fbakan Binali Y\u0131ld\u0131r\u0131m ve rahmetli S\u0131rr\u0131 S\u00fcreyya \u00d6nder\u2019in portrelerini i\u015fledi.<br \/>\n<br \/>Y\u0131ld\u0131z, yapt\u0131\u011f\u0131 a\u00e7\u0131klamada, &#8220;Bu \u00e7al\u0131\u015fma, \u00fclkemizin refah\u0131na ve bar\u0131\u015f\u0131na katk\u0131 sunan devlet b\u00fcy\u00fcklerimizi sanat yoluyla tarihe not d\u00fc\u015fmek ve halk\u0131m\u0131z\u0131n g\u00f6nl\u00fcnde ya\u015fatmak amac\u0131yla yap\u0131ld\u0131&#8221; dedi.<br \/>\n<br \/>Sanatseverlerin be\u011fenisine sunulan dev vazo, \u015fimdilik K\u00fctahya\u2019daki tarihi Sar\u0131 Konak K\u00fclt\u00fcr Sanat Evi\u2019nde sergileniyor. Eserin ileride uygun g\u00f6r\u00fclen bir mek\u00e2nda kal\u0131c\u0131 olarak sergilenmesi planlan\u0131yor.<br \/>\n<br \/>Abdurrahman Y\u0131ld\u0131z, bug\u00fcne kadar at\u0131k malzemelerden \u00fcretti\u011fi farkl\u0131 eserlerle dikkat \u00e7ekti\u011fini belirterek, &#8220;Sanat yoluyla milli ve k\u00fclt\u00fcrel de\u011ferlerimizi ya\u015fatmay\u0131 g\u00f6rev biliyorum. Her g\u00fczel \u00e7al\u0131\u015fma halk\u0131n g\u00f6nl\u00fcnde yer bulursa, bu da bizim en kal\u0131c\u0131 k\u00fclt\u00fcrel miras\u0131m\u0131z olur&#8221; ifadelerini kulland\u0131.<br \/>\n<br \/>Sar\u0131 Konak K\u00fclt\u00fcr Sanat Evi\u2019nin on y\u0131ld\u0131r dernek hizmet evi olarak kullan\u0131ld\u0131\u011f\u0131n\u0131 hat\u0131rlatan Y\u0131ld\u0131z, &#8220;Ulusal \u00f6l\u00e7ekte pek \u00e7ok proje ve etkinlik ger\u00e7ekle\u015ftirdik. Bundan sonra da Reisimiz sa\u011f olduk\u00e7a bu t\u00fcr faaliyetlere kat\u0131lmak ve desteklemek g\u00f6revimizdir&#8221; dedi.<br \/><\/p>\n","protected":false},"excerpt":{"rendered":"<p>K\u00fctahya\u2019da faaliyet g\u00f6steren \u00dclkemiz De\u011ferlerini Tan\u0131tma, K\u00fclt\u00fcr ve Sanat\u0131m\u0131z\u0131 Geli\u015ftirme Derne\u011fi\u2019nin Ba\u015fkan\u0131 ve K\u00fclt\u00fcr Bakanl\u0131\u011f\u0131 \u00e7ini sanat\u00e7\u0131s\u0131 Abdurrahman Y\u0131ld\u0131z, \u00fc\u00e7 ayl\u0131k bir \u00e7al\u0131\u015fmayla 165 santimetre boyunda dev bir vazo haz\u0131rlad\u0131. Milli sanat\u00e7\u0131 Abdurrahman Y\u0131ld\u0131z, haz\u0131rlad\u0131\u011f\u0131 eserde Cumhurba\u015fkan\u0131 Recep Tayyip Erdo\u011fan, TBMM Ba\u015fkan\u0131 Numan Kurtulmu\u015f, MHP Genel Ba\u015fkan\u0131 Devlet Bah\u00e7eli, D\u0131\u015fi\u015fleri Bakan\u0131 Hakan Fidan, \u0130\u00e7i\u015fleri Bakan\u0131&#8230;<\/p>\n","protected":false},"author":1,"featured_media":50165,"comment_status":"open","ping_status":"open","sticky":false,"template":"","format":"standard","meta":{"_crdt_document":"","footnotes":""},"categories":[1],"tags":[],"class_list":["post-50164","post","type-post","status-publish","format-standard","has-post-thumbnail","hentry","category-guncel"],"_links":{"self":[{"href":"https:\/\/www.egemtv.com\/index.php?rest_route=\/wp\/v2\/posts\/50164","targetHints":{"allow":["GET"]}}],"collection":[{"href":"https:\/\/www.egemtv.com\/index.php?rest_route=\/wp\/v2\/posts"}],"about":[{"href":"https:\/\/www.egemtv.com\/index.php?rest_route=\/wp\/v2\/types\/post"}],"author":[{"embeddable":true,"href":"https:\/\/www.egemtv.com\/index.php?rest_route=\/wp\/v2\/users\/1"}],"replies":[{"embeddable":true,"href":"https:\/\/www.egemtv.com\/index.php?rest_route=%2Fwp%2Fv2%2Fcomments&post=50164"}],"version-history":[{"count":1,"href":"https:\/\/www.egemtv.com\/index.php?rest_route=\/wp\/v2\/posts\/50164\/revisions"}],"predecessor-version":[{"id":50166,"href":"https:\/\/www.egemtv.com\/index.php?rest_route=\/wp\/v2\/posts\/50164\/revisions\/50166"}],"wp:featuredmedia":[{"embeddable":true,"href":"https:\/\/www.egemtv.com\/index.php?rest_route=\/wp\/v2\/media\/50165"}],"wp:attachment":[{"href":"https:\/\/www.egemtv.com\/index.php?rest_route=%2Fwp%2Fv2%2Fmedia&parent=50164"}],"wp:term":[{"taxonomy":"category","embeddable":true,"href":"https:\/\/www.egemtv.com\/index.php?rest_route=%2Fwp%2Fv2%2Fcategories&post=50164"},{"taxonomy":"post_tag","embeddable":true,"href":"https:\/\/www.egemtv.com\/index.php?rest_route=%2Fwp%2Fv2%2Ftags&post=50164"}],"curies":[{"name":"wp","href":"https:\/\/api.w.org\/{rel}","templated":true}]}}