{"id":50161,"date":"2025-08-21T09:56:09","date_gmt":"2025-08-21T06:56:09","guid":{"rendered":"https:\/\/www.egemtv.com\/?p=50161"},"modified":"2025-08-21T09:56:10","modified_gmt":"2025-08-21T06:56:10","slug":"kutahyada-en-iyi-narkotik-polisi-anne-konulu-egitim","status":"publish","type":"post","link":"https:\/\/www.egemtv.com\/?p=50161","title":{"rendered":"K\u00fctahya\u2019da &#8220;En \u0130yi Narkotik Polisi Anne&#8221; konulu e\u011fitim"},"content":{"rendered":"<p>K\u00fctahya Aile ve Sosyal Hizmetler \u0130l M\u00fcd\u00fcrl\u00fc\u011f\u00fc ve ba\u011fl\u0131 kurulu\u015flarda g\u00f6rev yapan kad\u0131n personel ile hizmetlerinden faydalanan kad\u0131nlara y\u00f6nelik &#8220;En \u0130yi Narkotik Polisi Anne&#8221; konulu e\u011fitim verildi.<br \/>\n<br \/>Narko Rehber Polis Memuru taraf\u0131ndan ger\u00e7ekle\u015ftirilen e\u011fitimde, ba\u011f\u0131ml\u0131l\u0131k, ba\u011f\u0131ml\u0131l\u0131k d\u00f6ng\u00fcs\u00fc, ba\u011f\u0131ml\u0131l\u0131\u011f\u0131 fark etme, madde t\u00fcrleri ve etkileri, ba\u011f\u0131ml\u0131l\u0131kla m\u00fccadelede kurumsal mekanizmalar, do\u011fru ebeveyn yakla\u015f\u0131mlar\u0131 hakk\u0131nda bilgi verildi. Ayr\u0131ca kat\u0131l\u0131mc\u0131lar\u0131n konu hakk\u0131ndaki sorular\u0131 cevapland\u0131r\u0131ld\u0131.<br \/><\/p>\n","protected":false},"excerpt":{"rendered":"<p>K\u00fctahya Aile ve Sosyal Hizmetler \u0130l M\u00fcd\u00fcrl\u00fc\u011f\u00fc ve ba\u011fl\u0131 kurulu\u015flarda g\u00f6rev yapan kad\u0131n personel ile hizmetlerinden faydalanan kad\u0131nlara y\u00f6nelik &#8220;En \u0130yi Narkotik Polisi Anne&#8221; konulu e\u011fitim verildi. Narko Rehber Polis Memuru taraf\u0131ndan ger\u00e7ekle\u015ftirilen e\u011fitimde, ba\u011f\u0131ml\u0131l\u0131k, ba\u011f\u0131ml\u0131l\u0131k d\u00f6ng\u00fcs\u00fc, ba\u011f\u0131ml\u0131l\u0131\u011f\u0131 fark etme, madde t\u00fcrleri ve etkileri, ba\u011f\u0131ml\u0131l\u0131kla m\u00fccadelede kurumsal mekanizmalar, do\u011fru ebeveyn yakla\u015f\u0131mlar\u0131 hakk\u0131nda bilgi verildi. Ayr\u0131ca&#8230;<\/p>\n","protected":false},"author":1,"featured_media":50162,"comment_status":"open","ping_status":"open","sticky":false,"template":"","format":"standard","meta":{"_crdt_document":"","footnotes":""},"categories":[1],"tags":[],"class_list":["post-50161","post","type-post","status-publish","format-standard","has-post-thumbnail","hentry","category-guncel"],"_links":{"self":[{"href":"https:\/\/www.egemtv.com\/index.php?rest_route=\/wp\/v2\/posts\/50161","targetHints":{"allow":["GET"]}}],"collection":[{"href":"https:\/\/www.egemtv.com\/index.php?rest_route=\/wp\/v2\/posts"}],"about":[{"href":"https:\/\/www.egemtv.com\/index.php?rest_route=\/wp\/v2\/types\/post"}],"author":[{"embeddable":true,"href":"https:\/\/www.egemtv.com\/index.php?rest_route=\/wp\/v2\/users\/1"}],"replies":[{"embeddable":true,"href":"https:\/\/www.egemtv.com\/index.php?rest_route=%2Fwp%2Fv2%2Fcomments&post=50161"}],"version-history":[{"count":1,"href":"https:\/\/www.egemtv.com\/index.php?rest_route=\/wp\/v2\/posts\/50161\/revisions"}],"predecessor-version":[{"id":50163,"href":"https:\/\/www.egemtv.com\/index.php?rest_route=\/wp\/v2\/posts\/50161\/revisions\/50163"}],"wp:featuredmedia":[{"embeddable":true,"href":"https:\/\/www.egemtv.com\/index.php?rest_route=\/wp\/v2\/media\/50162"}],"wp:attachment":[{"href":"https:\/\/www.egemtv.com\/index.php?rest_route=%2Fwp%2Fv2%2Fmedia&parent=50161"}],"wp:term":[{"taxonomy":"category","embeddable":true,"href":"https:\/\/www.egemtv.com\/index.php?rest_route=%2Fwp%2Fv2%2Fcategories&post=50161"},{"taxonomy":"post_tag","embeddable":true,"href":"https:\/\/www.egemtv.com\/index.php?rest_route=%2Fwp%2Fv2%2Ftags&post=50161"}],"curies":[{"name":"wp","href":"https:\/\/api.w.org\/{rel}","templated":true}]}}