{"id":50158,"date":"2025-08-21T09:56:09","date_gmt":"2025-08-21T06:56:09","guid":{"rendered":"https:\/\/www.egemtv.com\/?p=50158"},"modified":"2025-08-21T09:56:09","modified_gmt":"2025-08-21T06:56:09","slug":"aydin-tarim-il-muduru-temizden-incir-depocularina-kritik-uyarilar","status":"publish","type":"post","link":"https:\/\/www.egemtv.com\/?p=50158","title":{"rendered":"Ayd\u0131n Tar\u0131m \u0130l M\u00fcd\u00fcr\u00fc Temiz\u2019den incir depocular\u0131na kritik uyar\u0131lar"},"content":{"rendered":"<p>Ayd\u0131n \u0130l Tar\u0131m ve Orman M\u00fcd\u00fcr\u00fc Ayhan Temiz, incir depocular\u0131na y\u00f6nelik e\u011fitim toplant\u0131s\u0131nda \u00fcr\u00fcn kalitesinin korunmas\u0131 i\u00e7in uyar\u0131larda bulunarak, aflatoksin riskine kar\u015f\u0131 al\u0131nacak tedbirlerin \u00f6nemine dikkat \u00e7ekti.<\/p>\n<p>Ayd\u0131n \u0130l Tar\u0131m ve Orman M\u00fcd\u00fcr\u00fc Ayhan Temiz, Germencik\u2019te d\u00fczenlenen incir depocular\u0131 e\u011fitim toplant\u0131s\u0131nda \u00f6nemli a\u00e7\u0131klamalarda bulundu. 18-22 A\u011fustos tarihleri aras\u0131nda ger\u00e7ekle\u015ftirilen e\u011fitimlerin ilkinde konu\u015fan \u0130l M\u00fcd\u00fcr\u00fc Temiz, Ayd\u0131n incirinin hem \u00fclke hem de d\u00fcnya ekonomisi a\u00e7\u0131s\u0131ndan stratejik bir \u00fcr\u00fcn oldu\u011funa dikkat \u00e7ekti. T\u00fcrkiye\u2019deki incir \u00fcretiminin y\u00fczde 56\u2019s\u0131n\u0131 tek ba\u015f\u0131na kar\u015f\u0131layan Ayd\u0131n\u2019\u0131n, 7 milyonu a\u015fk\u0131n a\u011fa\u00e7 varl\u0131\u011f\u0131 ve 210 bin ton ya\u015f incir \u00fcretimiyle \u00f6ne \u00e7\u0131kt\u0131\u011f\u0131n\u0131 belirten Temiz, &#8220;\u0130ncir, Ayd\u0131n \u0130nciri olarak \u00f6nce co\u011frafi i\u015faret, ard\u0131ndan da AB tescili alan ilimizin ilk \u00fcr\u00fcn\u00fcd\u00fcr. Bu k\u0131ymetli \u00fcr\u00fcn\u00fcn imaj\u0131n\u0131 korumak i\u00e7in tarladan sofraya olan yolculu\u011funu titizlikle y\u00f6netmek zorunday\u0131z&#8221; dedi.<\/p>\n<p>Denetimler h\u0131z kesmiyor<br \/>\n<br \/>Ayd\u0131n genelinde 145 i\u015fletme ve 167 depo, Germencik\u2019te ise 33 i\u015fletme ve 47 deponun bulundu\u011funu ifade eden \u0130l M\u00fcd\u00fcr\u00fc Temiz, bu tesislerin d\u00fczenli olarak denetlendi\u011fini vurgulad\u0131. 2024 y\u0131l\u0131nda \u015fu ana kadar 217 denetim yap\u0131ld\u0131\u011f\u0131n\u0131 aktaran Temiz, \u00f6zellikle aflatoksin ve okratoksin riskine dikkat \u00e7ekerek bu maddelerin hem i\u00e7 piyasada hem de ihracatta pazarlamay\u0131 olumsuz etkiledi\u011fini s\u00f6yledi.<\/p>\n<p>Temiz, Bakanl\u0131k taraf\u0131ndan y\u00fcr\u00fct\u00fclen Aflatoksin \u00d6nleme Eylem Plan\u0131 kapsam\u0131nda, depolama \u015fartlar\u0131nda dikkat edilmesi gereken hususlar\u0131n toplant\u0131larda payla\u015f\u0131ld\u0131\u011f\u0131n\u0131 belirtti. \u0130l M\u00fcd\u00fcrl\u00fc\u011f\u00fc taraf\u0131ndan y\u00fcr\u00fct\u00fclen bu e\u011fitimlerle incir sekt\u00f6r\u00fcnde kalite ve s\u00fcrd\u00fcr\u00fclebilirli\u011fin art\u0131r\u0131lmas\u0131n\u0131n hedeflendi\u011fini dile getirdi.<br \/><\/p>\n","protected":false},"excerpt":{"rendered":"<p>Ayd\u0131n \u0130l Tar\u0131m ve Orman M\u00fcd\u00fcr\u00fc Ayhan Temiz, incir depocular\u0131na y\u00f6nelik e\u011fitim toplant\u0131s\u0131nda \u00fcr\u00fcn kalitesinin korunmas\u0131 i\u00e7in uyar\u0131larda bulunarak, aflatoksin riskine kar\u015f\u0131 al\u0131nacak tedbirlerin \u00f6nemine dikkat \u00e7ekti. Ayd\u0131n \u0130l Tar\u0131m ve Orman M\u00fcd\u00fcr\u00fc Ayhan Temiz, Germencik\u2019te d\u00fczenlenen incir depocular\u0131 e\u011fitim toplant\u0131s\u0131nda \u00f6nemli a\u00e7\u0131klamalarda bulundu. 18-22 A\u011fustos tarihleri aras\u0131nda ger\u00e7ekle\u015ftirilen e\u011fitimlerin ilkinde konu\u015fan \u0130l M\u00fcd\u00fcr\u00fc Temiz,&#8230;<\/p>\n","protected":false},"author":1,"featured_media":50159,"comment_status":"open","ping_status":"open","sticky":false,"template":"","format":"standard","meta":{"_crdt_document":"","footnotes":""},"categories":[1],"tags":[],"class_list":["post-50158","post","type-post","status-publish","format-standard","has-post-thumbnail","hentry","category-guncel"],"_links":{"self":[{"href":"https:\/\/www.egemtv.com\/index.php?rest_route=\/wp\/v2\/posts\/50158","targetHints":{"allow":["GET"]}}],"collection":[{"href":"https:\/\/www.egemtv.com\/index.php?rest_route=\/wp\/v2\/posts"}],"about":[{"href":"https:\/\/www.egemtv.com\/index.php?rest_route=\/wp\/v2\/types\/post"}],"author":[{"embeddable":true,"href":"https:\/\/www.egemtv.com\/index.php?rest_route=\/wp\/v2\/users\/1"}],"replies":[{"embeddable":true,"href":"https:\/\/www.egemtv.com\/index.php?rest_route=%2Fwp%2Fv2%2Fcomments&post=50158"}],"version-history":[{"count":1,"href":"https:\/\/www.egemtv.com\/index.php?rest_route=\/wp\/v2\/posts\/50158\/revisions"}],"predecessor-version":[{"id":50160,"href":"https:\/\/www.egemtv.com\/index.php?rest_route=\/wp\/v2\/posts\/50158\/revisions\/50160"}],"wp:featuredmedia":[{"embeddable":true,"href":"https:\/\/www.egemtv.com\/index.php?rest_route=\/wp\/v2\/media\/50159"}],"wp:attachment":[{"href":"https:\/\/www.egemtv.com\/index.php?rest_route=%2Fwp%2Fv2%2Fmedia&parent=50158"}],"wp:term":[{"taxonomy":"category","embeddable":true,"href":"https:\/\/www.egemtv.com\/index.php?rest_route=%2Fwp%2Fv2%2Fcategories&post=50158"},{"taxonomy":"post_tag","embeddable":true,"href":"https:\/\/www.egemtv.com\/index.php?rest_route=%2Fwp%2Fv2%2Ftags&post=50158"}],"curies":[{"name":"wp","href":"https:\/\/api.w.org\/{rel}","templated":true}]}}