{"id":50155,"date":"2025-08-21T09:34:55","date_gmt":"2025-08-21T06:34:55","guid":{"rendered":"https:\/\/www.egemtv.com\/?p=50155"},"modified":"2025-08-21T09:34:55","modified_gmt":"2025-08-21T06:34:55","slug":"atcada-kurtulus-gunu-futbol-turnuvasi-basladi","status":"publish","type":"post","link":"https:\/\/www.egemtv.com\/?p=50155","title":{"rendered":"At\u00e7a\u2019da Kurtulu\u015f G\u00fcn\u00fc Futbol Turnuvas\u0131 ba\u015flad\u0131"},"content":{"rendered":"<p>Ayd\u0131n\u2019\u0131n Sultanhisar il\u00e7esine ba\u011fl\u0131 At\u00e7a Mahallesi\u2019nde mahallenin d\u00fc\u015fman i\u015fgalinden kurtulu\u015fu an\u0131s\u0131na futbol turnuvas\u0131 d\u00fczenlendi.<br \/>\n<br \/>Sultanhisar il\u00e7esinin en b\u00fcy\u00fck mahallesi olan At\u00e7a Mahallesi Muhtar\u0131 Ali Kele\u015f taraf\u0131ndan d\u00fczenlenen turnuva ba\u015flama vuru\u015fu ile start ald\u0131.<\/p>\n<p>\u2018At\u00e7a Muhtarl\u0131\u011f\u0131 5 Eyl\u00fcl At\u00e7a Kurtulu\u015f ve Anma Etkinli\u011fi Futbol Turnuvas\u0131\u2019 kapsam\u0131nda 8 tak\u0131m\u0131n m\u00fccadele edece\u011fini ifade eden At\u00e7a Mahallesi Muhtar\u0131 Ali Kele\u015f, &#8220;At\u00e7am\u0131z\u0131n d\u00fc\u015fman i\u015fgalinden kurtulu\u015funun 103. Y\u0131ld\u00f6n\u00fcm\u00fc an\u0131s\u0131na itafen yapm\u0131\u015f oldu\u011fumuz \u2018At\u00e7a Muhtarl\u0131\u011f\u0131 5 Eyl\u00fcl At\u00e7a Kurtulu\u015f ve Anma Etkinli\u011fi Futbol Turnuvas\u0131\u2019na 8 tak\u0131m kat\u0131ld\u0131. Bu ak\u015fam saat 21.00\u2019de Atat\u00fcrk \u0130lkokulu bah\u00e7esindeki hal\u0131 sahada ilk ma\u00e7\u0131m\u0131za ba\u015flad\u0131k. Mahallemiz b\u00fcnyesindeki Dalganspor-Meydanspor ma\u00e7\u0131 ile turnuvam\u0131z\u0131 ba\u015flatm\u0131\u015f olduk. 4 Eyl\u00fcl\u2019e kadar toplam 8 tak\u0131m m\u00fccadele ederek \u015fampiyon belirlenecek. 5 Eyl\u00fcl g\u00fcn\u00fc de \u015fampiyon tak\u0131ma kupas\u0131 verilecek. T\u00fcm tak\u0131mlar\u0131m\u0131za ba\u015far\u0131lar diliyor ve centilmence m\u00fccadele edeceklerine inan\u0131yorum. Ayr\u0131ca 5 Eyl\u00fcl Kurtulu\u015f g\u00fcn\u00fc etkinlikleri kapsam\u0131nda mahallemizde ilk kez ke\u015fkek hayr\u0131 ve yerel sanat\u00e7\u0131lar\u0131m\u0131z\u0131n kat\u0131l\u0131m\u0131 ile bir etkinlik d\u00fczenliyoruz. Etkinliklerimiz i\u00e7in maddi ve manevi destek veren t\u00fcm halk\u0131m\u0131za \u00e7ok te\u015fekk\u00fcr ediyoruz. T\u00fcm halk\u0131m\u0131z\u0131 da etkinliklerimize bekliyoruz&#8221; dedi.<br \/><\/p>\n","protected":false},"excerpt":{"rendered":"<p>Ayd\u0131n\u2019\u0131n Sultanhisar il\u00e7esine ba\u011fl\u0131 At\u00e7a Mahallesi\u2019nde mahallenin d\u00fc\u015fman i\u015fgalinden kurtulu\u015fu an\u0131s\u0131na futbol turnuvas\u0131 d\u00fczenlendi. Sultanhisar il\u00e7esinin en b\u00fcy\u00fck mahallesi olan At\u00e7a Mahallesi Muhtar\u0131 Ali Kele\u015f taraf\u0131ndan d\u00fczenlenen turnuva ba\u015flama vuru\u015fu ile start ald\u0131. \u2018At\u00e7a Muhtarl\u0131\u011f\u0131 5 Eyl\u00fcl At\u00e7a Kurtulu\u015f ve Anma Etkinli\u011fi Futbol Turnuvas\u0131\u2019 kapsam\u0131nda 8 tak\u0131m\u0131n m\u00fccadele edece\u011fini ifade eden At\u00e7a Mahallesi Muhtar\u0131 Ali&#8230;<\/p>\n","protected":false},"author":1,"featured_media":50156,"comment_status":"open","ping_status":"open","sticky":false,"template":"","format":"standard","meta":{"_crdt_document":"","footnotes":""},"categories":[4],"tags":[],"class_list":["post-50155","post","type-post","status-publish","format-standard","has-post-thumbnail","hentry","category-spor"],"_links":{"self":[{"href":"https:\/\/www.egemtv.com\/index.php?rest_route=\/wp\/v2\/posts\/50155","targetHints":{"allow":["GET"]}}],"collection":[{"href":"https:\/\/www.egemtv.com\/index.php?rest_route=\/wp\/v2\/posts"}],"about":[{"href":"https:\/\/www.egemtv.com\/index.php?rest_route=\/wp\/v2\/types\/post"}],"author":[{"embeddable":true,"href":"https:\/\/www.egemtv.com\/index.php?rest_route=\/wp\/v2\/users\/1"}],"replies":[{"embeddable":true,"href":"https:\/\/www.egemtv.com\/index.php?rest_route=%2Fwp%2Fv2%2Fcomments&post=50155"}],"version-history":[{"count":1,"href":"https:\/\/www.egemtv.com\/index.php?rest_route=\/wp\/v2\/posts\/50155\/revisions"}],"predecessor-version":[{"id":50157,"href":"https:\/\/www.egemtv.com\/index.php?rest_route=\/wp\/v2\/posts\/50155\/revisions\/50157"}],"wp:featuredmedia":[{"embeddable":true,"href":"https:\/\/www.egemtv.com\/index.php?rest_route=\/wp\/v2\/media\/50156"}],"wp:attachment":[{"href":"https:\/\/www.egemtv.com\/index.php?rest_route=%2Fwp%2Fv2%2Fmedia&parent=50155"}],"wp:term":[{"taxonomy":"category","embeddable":true,"href":"https:\/\/www.egemtv.com\/index.php?rest_route=%2Fwp%2Fv2%2Fcategories&post=50155"},{"taxonomy":"post_tag","embeddable":true,"href":"https:\/\/www.egemtv.com\/index.php?rest_route=%2Fwp%2Fv2%2Ftags&post=50155"}],"curies":[{"name":"wp","href":"https:\/\/api.w.org\/{rel}","templated":true}]}}