{"id":50152,"date":"2025-08-21T09:34:54","date_gmt":"2025-08-21T06:34:54","guid":{"rendered":"https:\/\/www.egemtv.com\/?p=50152"},"modified":"2025-08-21T09:34:55","modified_gmt":"2025-08-21T06:34:55","slug":"yataganda-orman-yangini-sonduruldu","status":"publish","type":"post","link":"https:\/\/www.egemtv.com\/?p=50152","title":{"rendered":"Yata\u011fan\u2019da orman yang\u0131n\u0131 s\u00f6nd\u00fcr\u00fcld\u00fc"},"content":{"rendered":"<p>Mu\u011fla\u2019n\u0131n Yata\u011fan il\u00e7esinde \u00e7\u0131kan orman yang\u0131n\u0131 ekiplerin yo\u011fun m\u00fcdahaleleri sonucu kontrol alt\u0131na al\u0131nd\u0131.<\/p>\n<p>Yang\u0131n, Hac\u0131veliler Mahallesi\u2019nde gece saatlerinde meydana geldi. Edinilen bilgiye g\u00f6re, ormanl\u0131k alandan alevlerin y\u00fckseldi\u011fini fark eden vatanda\u015flar durumu 112 Acil \u00c7a\u011fr\u0131 Merkezi\u2019ne bildirdi. \u0130hbar \u00fczerine b\u00f6lgeye \u00e7ok say\u0131da Mu\u011fla Orman B\u00f6lge M\u00fcd\u00fcrl\u00fc\u011f\u00fc\u2019ne ba\u011fl\u0131 ekip sevk edildi. Ekiplerin m\u00fcdahalesi ile yang\u0131n s\u00f6nd\u00fcr\u00fcld\u00fc. Yang\u0131n\u0131n \u00e7\u0131k\u0131\u015f nedeninin belirlenebilmesi i\u00e7in \u00e7al\u0131\u015fmalar ba\u015flat\u0131ld\u0131.<br \/><\/p>\n","protected":false},"excerpt":{"rendered":"<p>Mu\u011fla\u2019n\u0131n Yata\u011fan il\u00e7esinde \u00e7\u0131kan orman yang\u0131n\u0131 ekiplerin yo\u011fun m\u00fcdahaleleri sonucu kontrol alt\u0131na al\u0131nd\u0131. Yang\u0131n, Hac\u0131veliler Mahallesi\u2019nde gece saatlerinde meydana geldi. Edinilen bilgiye g\u00f6re, ormanl\u0131k alandan alevlerin y\u00fckseldi\u011fini fark eden vatanda\u015flar durumu 112 Acil \u00c7a\u011fr\u0131 Merkezi\u2019ne bildirdi. \u0130hbar \u00fczerine b\u00f6lgeye \u00e7ok say\u0131da Mu\u011fla Orman B\u00f6lge M\u00fcd\u00fcrl\u00fc\u011f\u00fc\u2019ne ba\u011fl\u0131 ekip sevk edildi. Ekiplerin m\u00fcdahalesi ile yang\u0131n s\u00f6nd\u00fcr\u00fcld\u00fc. Yang\u0131n\u0131n&#8230;<\/p>\n","protected":false},"author":1,"featured_media":50153,"comment_status":"open","ping_status":"open","sticky":false,"template":"","format":"standard","meta":{"_crdt_document":"","footnotes":""},"categories":[5],"tags":[],"class_list":["post-50152","post","type-post","status-publish","format-standard","has-post-thumbnail","hentry","category-asayis"],"_links":{"self":[{"href":"https:\/\/www.egemtv.com\/index.php?rest_route=\/wp\/v2\/posts\/50152","targetHints":{"allow":["GET"]}}],"collection":[{"href":"https:\/\/www.egemtv.com\/index.php?rest_route=\/wp\/v2\/posts"}],"about":[{"href":"https:\/\/www.egemtv.com\/index.php?rest_route=\/wp\/v2\/types\/post"}],"author":[{"embeddable":true,"href":"https:\/\/www.egemtv.com\/index.php?rest_route=\/wp\/v2\/users\/1"}],"replies":[{"embeddable":true,"href":"https:\/\/www.egemtv.com\/index.php?rest_route=%2Fwp%2Fv2%2Fcomments&post=50152"}],"version-history":[{"count":1,"href":"https:\/\/www.egemtv.com\/index.php?rest_route=\/wp\/v2\/posts\/50152\/revisions"}],"predecessor-version":[{"id":50154,"href":"https:\/\/www.egemtv.com\/index.php?rest_route=\/wp\/v2\/posts\/50152\/revisions\/50154"}],"wp:featuredmedia":[{"embeddable":true,"href":"https:\/\/www.egemtv.com\/index.php?rest_route=\/wp\/v2\/media\/50153"}],"wp:attachment":[{"href":"https:\/\/www.egemtv.com\/index.php?rest_route=%2Fwp%2Fv2%2Fmedia&parent=50152"}],"wp:term":[{"taxonomy":"category","embeddable":true,"href":"https:\/\/www.egemtv.com\/index.php?rest_route=%2Fwp%2Fv2%2Fcategories&post=50152"},{"taxonomy":"post_tag","embeddable":true,"href":"https:\/\/www.egemtv.com\/index.php?rest_route=%2Fwp%2Fv2%2Ftags&post=50152"}],"curies":[{"name":"wp","href":"https:\/\/api.w.org\/{rel}","templated":true}]}}