{"id":50149,"date":"2025-08-21T09:34:54","date_gmt":"2025-08-21T06:34:54","guid":{"rendered":"https:\/\/www.egemtv.com\/?p=50149"},"modified":"2025-08-21T09:34:54","modified_gmt":"2025-08-21T06:34:54","slug":"cocuk-istismari-sucundan-22-yilla-araniyordu-operasyonla-yakalandi","status":"publish","type":"post","link":"https:\/\/www.egemtv.com\/?p=50149","title":{"rendered":"\u00c7ocuk istismar\u0131 su\u00e7undan 22 y\u0131lla aran\u0131yordu, operasyonla yakaland\u0131"},"content":{"rendered":"<p>\u2019\u00c7ocu\u011fun nitelikli cinsel istismar\u0131\u2019 su\u00e7undan 22 y\u0131l hapis cezas\u0131yla aranan zanl\u0131, \u0130zmir\u2019in Menemen il\u00e7esinde yakaland\u0131.<br \/>\n<br \/>Kar\u015f\u0131yaka \u0130l\u00e7e Emniyet M\u00fcd\u00fcrl\u00fc\u011f\u00fc ekipleri taraf\u0131ndan, aranan \u015fah\u0131slar\u0131n yakalanmas\u0131na y\u00f6nelik yap\u0131lan \u00e7al\u0131\u015fmalarda, \u2019\u00c7ocu\u011fun nitelikli cinsel istismar\u0131\u2019 su\u00e7undan 22 y\u0131l hapis cezas\u0131yla aranan B.A.\u2019n\u0131n (41) Menemen il\u00e7esinde bir adreste sakland\u0131\u011f\u0131 ortaya \u00e7\u0131kt\u0131. Ekipler taraf\u0131ndan adrese ger\u00e7ekle\u015ftirilen operasyonla yakalanan B.A., g\u00f6zalt\u0131na al\u0131narak emniyete g\u00f6t\u00fcr\u00fcld\u00fc.<br \/>\n<br \/>Zanl\u0131, emniyetteki i\u015flemlerin ard\u0131ndan adli makamlara sevk edildi.<br \/><\/p>\n","protected":false},"excerpt":{"rendered":"<p>\u2019\u00c7ocu\u011fun nitelikli cinsel istismar\u0131\u2019 su\u00e7undan 22 y\u0131l hapis cezas\u0131yla aranan zanl\u0131, \u0130zmir\u2019in Menemen il\u00e7esinde yakaland\u0131. Kar\u015f\u0131yaka \u0130l\u00e7e Emniyet M\u00fcd\u00fcrl\u00fc\u011f\u00fc ekipleri taraf\u0131ndan, aranan \u015fah\u0131slar\u0131n yakalanmas\u0131na y\u00f6nelik yap\u0131lan \u00e7al\u0131\u015fmalarda, \u2019\u00c7ocu\u011fun nitelikli cinsel istismar\u0131\u2019 su\u00e7undan 22 y\u0131l hapis cezas\u0131yla aranan B.A.\u2019n\u0131n (41) Menemen il\u00e7esinde bir adreste sakland\u0131\u011f\u0131 ortaya \u00e7\u0131kt\u0131. Ekipler taraf\u0131ndan adrese ger\u00e7ekle\u015ftirilen operasyonla yakalanan B.A., g\u00f6zalt\u0131na al\u0131narak&#8230;<\/p>\n","protected":false},"author":1,"featured_media":50150,"comment_status":"open","ping_status":"open","sticky":false,"template":"","format":"standard","meta":{"_crdt_document":"","footnotes":""},"categories":[5],"tags":[],"class_list":["post-50149","post","type-post","status-publish","format-standard","has-post-thumbnail","hentry","category-asayis"],"_links":{"self":[{"href":"https:\/\/www.egemtv.com\/index.php?rest_route=\/wp\/v2\/posts\/50149","targetHints":{"allow":["GET"]}}],"collection":[{"href":"https:\/\/www.egemtv.com\/index.php?rest_route=\/wp\/v2\/posts"}],"about":[{"href":"https:\/\/www.egemtv.com\/index.php?rest_route=\/wp\/v2\/types\/post"}],"author":[{"embeddable":true,"href":"https:\/\/www.egemtv.com\/index.php?rest_route=\/wp\/v2\/users\/1"}],"replies":[{"embeddable":true,"href":"https:\/\/www.egemtv.com\/index.php?rest_route=%2Fwp%2Fv2%2Fcomments&post=50149"}],"version-history":[{"count":1,"href":"https:\/\/www.egemtv.com\/index.php?rest_route=\/wp\/v2\/posts\/50149\/revisions"}],"predecessor-version":[{"id":50151,"href":"https:\/\/www.egemtv.com\/index.php?rest_route=\/wp\/v2\/posts\/50149\/revisions\/50151"}],"wp:featuredmedia":[{"embeddable":true,"href":"https:\/\/www.egemtv.com\/index.php?rest_route=\/wp\/v2\/media\/50150"}],"wp:attachment":[{"href":"https:\/\/www.egemtv.com\/index.php?rest_route=%2Fwp%2Fv2%2Fmedia&parent=50149"}],"wp:term":[{"taxonomy":"category","embeddable":true,"href":"https:\/\/www.egemtv.com\/index.php?rest_route=%2Fwp%2Fv2%2Fcategories&post=50149"},{"taxonomy":"post_tag","embeddable":true,"href":"https:\/\/www.egemtv.com\/index.php?rest_route=%2Fwp%2Fv2%2Ftags&post=50149"}],"curies":[{"name":"wp","href":"https:\/\/api.w.org\/{rel}","templated":true}]}}