{"id":50146,"date":"2025-08-21T09:34:53","date_gmt":"2025-08-21T06:34:53","guid":{"rendered":"https:\/\/www.egemtv.com\/?p=50146"},"modified":"2025-08-21T09:34:54","modified_gmt":"2025-08-21T06:34:54","slug":"ozel-okullarda-servis-ucretleri-velileri-zorluyor","status":"publish","type":"post","link":"https:\/\/www.egemtv.com\/?p=50146","title":{"rendered":"\u00d6zel okullarda servis \u00fccretleri velileri zorluyor"},"content":{"rendered":"<p>\u0130zmir Otob\u00fcs\u00e7\u00fcler ve Umum Servis Ara\u00e7lar\u0131 \u0130\u015fletmecileri Esnaf Odas\u0131 Ba\u015fkan\u0131 Erdem Mert, \u00f6zel okullarda velilere yans\u0131t\u0131lan servis \u00fccretlerinin resmi tarifelerin \u00e7ok \u00fczerinde oldu\u011funu belirterek tepki g\u00f6sterdi. Mert, &#8220;Baz\u0131 \u00f6zel okullar, anla\u015fmal\u0131 \u015firketler \u00fczerinden haks\u0131z kazan\u00e7 elde etmeyi tercih ediyor&#8221; dedi.<br \/>\n<br \/>\u0130zmir B\u00fcy\u00fck\u015fehir Belediyesi taraf\u0131ndan belirlenen \u00f6\u011frenci servis \u00fccretlerinin t\u00fcm \u015fehir genelinde ge\u00e7erli oldu\u011funu belirten \u0130zmir Otob\u00fcs\u00e7\u00fcler ve Umum Servis Ara\u00e7lar\u0131 \u0130\u015fletmecileri Esnaf Odas\u0131 Ba\u015fkan\u0131 Erdem Mert, &#8220;Ancak, \u00f6zel okullar\u0131n bu tarifelerin d\u0131\u015f\u0131nda velilere kendi belirledikleri y\u00fcksek paket servis \u00fccretlerini sunuyor. Velilerimizin kar\u015f\u0131 kar\u015f\u0131ya kald\u0131\u011f\u0131 rakamlar, resmi tarifelerin neredeyse iki kat\u0131na ula\u015fm\u0131\u015f durumda. Bu kabul edilemez bir tablo.&#8221; ifadelerini kulland\u0131.<\/p>\n<p>&#8220;Arac\u0131 firmalar kazan\u0131yor, veli ve esnaf kaybediyor&#8221;<br \/>\n<br \/>Ya\u015fanan ma\u011fduriyeti tar\u0131mdan \u00f6rnekle a\u00e7\u0131klayan Mert, &#8220;Biz \u00e7ift\u00e7i gibiyiz. Tarlada domates 5 lira ama pazarda 40 liraya sat\u0131l\u0131yor. Aradaki arac\u0131 firmalar b\u00fcy\u00fck kazanc\u0131 al\u0131yor. Bizim sekt\u00f6r\u00fcm\u00fczde de ayn\u0131 d\u00fczen var. Okul ihaleyle i\u015fi arac\u0131 firmaya veriyor, firma hem okuldan hem veliden kazan\u0131yor. Ancak i\u015fi yapan yine servis\u00e7i esnaf\u0131m\u0131z oluyor. Kazan\u00e7 s\u00fczge\u00e7lerden ge\u00e7tikten sonra meslekta\u015f\u0131m\u0131za \u00e7ok az bir pay kal\u0131yor. Faturay\u0131 hem veliler hem esnaf \u00f6d\u00fcyor. Bir yanda eme\u011fiyle ge\u00e7inmeye \u00e7al\u0131\u015fan servis\u00e7i esnaf\u0131m\u0131z, di\u011fer yanda \u00e7ocu\u011funu g\u00fcvenle okula g\u00f6ndermek isteyen velilerimiz var. Ancak baz\u0131 \u00f6zel okullar, anla\u015fmal\u0131 \u015firketler \u00fczerinden haks\u0131z kazan\u00e7 elde etmeyi tercih ediyor.&#8221; dedi.<\/p>\n<p>Devlet okullar\u0131nda b\u00f6yle bir sorun yok<br \/>\n<br \/>Mert, devlet okullar\u0131nda \u00e7al\u0131\u015fan servis\u00e7ilerin tamamen resmi tarife \u00fczerinden hizmet verdi\u011fine dikkat \u00e7ekerek, \u015f\u00f6yle devam etti: &#8220;Devlet okullar\u0131nda herhangi bir \u015fik\u00e2yet yok. Hatta \u00e7o\u011fu okulda belirlenen \u00fccretlerin de alt\u0131nda fedak\u00e2rl\u0131k yap\u0131l\u0131yor. Esnaf\u0131m\u0131z \u00e7ocuklar\u0131m\u0131z\u0131n g\u00fcvenli\u011fi ve velilerimizin b\u00fct\u00e7esi i\u00e7in elini ta\u015f\u0131n alt\u0131na koymu\u015f durumda. Ne yaz\u0131k ki farkl\u0131 uygulamalar sadece \u00f6zel okullarda g\u00f6r\u00fcl\u00fcyor. Okul y\u00f6netimleri, velilere anla\u015fmal\u0131 firmalar\u0131n fiyatlar\u0131n\u0131 dayat\u0131yor. Bu da hem esnaf\u0131m\u0131z\u0131 hem velilerimizi ma\u011fdur ediyor.&#8221;<\/p>\n<p>&#8220;Velilerimiz S plakal\u0131 servis\u00e7ilerle anla\u015fmal\u0131&#8221;<br \/>\n<br \/>Velilere de \u00e7a\u011fr\u0131 yapan Mert: &#8220;\u00c7ocuklar\u0131n\u0131 \u00f6zel okula servisle g\u00f6nderecek velilerimiz, okulun anla\u015ft\u0131\u011f\u0131 arac\u0131 firmalar yerine do\u011frudan S plakal\u0131 servis\u00e7ilerle anla\u015fs\u0131n. B\u00f6ylece hem g\u00fcvenli hizmet al\u0131rlar hem de maliyetleri fahi\u015f rakamlardan kurtulmu\u015f olur.&#8221; dedi.<\/p>\n<p>Denetim \u00e7a\u011fr\u0131s\u0131: &#8220;Usuls\u00fczl\u00fc\u011fe izin verilmemeli&#8221;<br \/>\n<br \/>Mert, \u0130zmir B\u00fcy\u00fck\u015fehir Belediyesinin belirledi\u011fi resmi tarifelerin d\u0131\u015f\u0131nda hi\u00e7bir \u00fccretin ge\u00e7erli olmad\u0131\u011f\u0131n\u0131 hat\u0131rlatarak yetkililere seslendi: &#8220;Denetimlerin art\u0131r\u0131lmas\u0131 \u015fart. Velilerimizin s\u0131rt\u0131na y\u00fcklenen bu haks\u0131z bedellere son verilmelidir. Biz oda olarak s\u00fcrecin takip\u00e7isi olaca\u011f\u0131z. Gerekirse hukuki yollara da ba\u015fvuraca\u011f\u0131z.&#8221;<\/p>\n<p>Yeni tarife yolda: velilere iade hakk\u0131<br \/>\n<br \/>Ba\u015fkan Mert, yeni tarifenin belediye meclisinden ge\u00e7ti\u011fini, \u015fu anda imza s\u00fcrecinde oldu\u011funu ve \u00f6n\u00fcm\u00fczdeki hafta kamuoyuna a\u00e7\u0131klanmas\u0131n\u0131 beklediklerini belirtti. Ayr\u0131ca fazladan \u00fccret \u00f6deyen velilere de \u00f6nemli bir hat\u0131rlatma yapan Mert, &#8220;\u00d6zel okullar taraf\u0131ndan resmi tarifenin \u00fczerinde \u00fccret \u00f6deyen velilerimiz, \u00f6deme belgeleriyle birlikte meclis karar\u0131n\u0131 da sunarak, kaymakaml\u0131k b\u00fcnyesindeki T\u00fcketici Hakem Heyeti\u2019ne ba\u015fvurabilir. Bu sayede fazla \u00f6denen tutarlar\u0131n iadesi talep edilebilir. \u00c7ocuklar\u0131m\u0131z\u0131n g\u00fcvenli\u011fi ve velilerimizin b\u00fct\u00e7esi \u00fczerinden kimsenin haks\u0131z kazan\u00e7 sa\u011flamas\u0131na izin vermeyece\u011fiz.&#8221;&#8221; dedi.<br \/><\/p>\n","protected":false},"excerpt":{"rendered":"<p>\u0130zmir Otob\u00fcs\u00e7\u00fcler ve Umum Servis Ara\u00e7lar\u0131 \u0130\u015fletmecileri Esnaf Odas\u0131 Ba\u015fkan\u0131 Erdem Mert, \u00f6zel okullarda velilere yans\u0131t\u0131lan servis \u00fccretlerinin resmi tarifelerin \u00e7ok \u00fczerinde oldu\u011funu belirterek tepki g\u00f6sterdi. Mert, &#8220;Baz\u0131 \u00f6zel okullar, anla\u015fmal\u0131 \u015firketler \u00fczerinden haks\u0131z kazan\u00e7 elde etmeyi tercih ediyor&#8221; dedi. \u0130zmir B\u00fcy\u00fck\u015fehir Belediyesi taraf\u0131ndan belirlenen \u00f6\u011frenci servis \u00fccretlerinin t\u00fcm \u015fehir genelinde ge\u00e7erli oldu\u011funu belirten \u0130zmir&#8230;<\/p>\n","protected":false},"author":1,"featured_media":50147,"comment_status":"open","ping_status":"open","sticky":false,"template":"","format":"standard","meta":{"_crdt_document":"","footnotes":""},"categories":[1],"tags":[],"class_list":["post-50146","post","type-post","status-publish","format-standard","has-post-thumbnail","hentry","category-guncel"],"_links":{"self":[{"href":"https:\/\/www.egemtv.com\/index.php?rest_route=\/wp\/v2\/posts\/50146","targetHints":{"allow":["GET"]}}],"collection":[{"href":"https:\/\/www.egemtv.com\/index.php?rest_route=\/wp\/v2\/posts"}],"about":[{"href":"https:\/\/www.egemtv.com\/index.php?rest_route=\/wp\/v2\/types\/post"}],"author":[{"embeddable":true,"href":"https:\/\/www.egemtv.com\/index.php?rest_route=\/wp\/v2\/users\/1"}],"replies":[{"embeddable":true,"href":"https:\/\/www.egemtv.com\/index.php?rest_route=%2Fwp%2Fv2%2Fcomments&post=50146"}],"version-history":[{"count":1,"href":"https:\/\/www.egemtv.com\/index.php?rest_route=\/wp\/v2\/posts\/50146\/revisions"}],"predecessor-version":[{"id":50148,"href":"https:\/\/www.egemtv.com\/index.php?rest_route=\/wp\/v2\/posts\/50146\/revisions\/50148"}],"wp:featuredmedia":[{"embeddable":true,"href":"https:\/\/www.egemtv.com\/index.php?rest_route=\/wp\/v2\/media\/50147"}],"wp:attachment":[{"href":"https:\/\/www.egemtv.com\/index.php?rest_route=%2Fwp%2Fv2%2Fmedia&parent=50146"}],"wp:term":[{"taxonomy":"category","embeddable":true,"href":"https:\/\/www.egemtv.com\/index.php?rest_route=%2Fwp%2Fv2%2Fcategories&post=50146"},{"taxonomy":"post_tag","embeddable":true,"href":"https:\/\/www.egemtv.com\/index.php?rest_route=%2Fwp%2Fv2%2Ftags&post=50146"}],"curies":[{"name":"wp","href":"https:\/\/api.w.org\/{rel}","templated":true}]}}