{"id":50137,"date":"2025-08-21T01:14:30","date_gmt":"2025-08-20T22:14:30","guid":{"rendered":"https:\/\/www.egemtv.com\/?p=50137"},"modified":"2025-08-21T01:14:31","modified_gmt":"2025-08-20T22:14:31","slug":"yataganda-orman-yangini","status":"publish","type":"post","link":"https:\/\/www.egemtv.com\/?p=50137","title":{"rendered":"Yata\u011fan\u2019da orman yang\u0131n\u0131"},"content":{"rendered":"<p>Mu\u011fla\u2019n\u0131n Yata\u011fan il\u00e7esine ba\u011fl\u0131 Hac\u0131veliler Mahallesi\u2019nde orman yang\u0131n\u0131 \u00e7\u0131kt\u0131.<br \/>\n<br \/>Yata\u011fan il\u00e7esinde \u00e7\u0131kan orman yang\u0131n\u0131n\u0131 fark eden vatanda\u015flar\u0131n durumu 112 Acil \u00c7a\u011fr\u0131 Merkezi\u2019ne bildirmesi \u00fczerine b\u00f6lgeye \u00e7ok say\u0131da Mu\u011fla Orman B\u00f6lge M\u00fcd\u00fcrl\u00fc\u011f\u00fc\u2019ne ba\u011fl\u0131 ekip sevk edildi. Ekipler, yang\u0131n\u0131 kontrol alt\u0131na almak i\u00e7in karadan m\u00fcdahale ediyor<br \/><\/p>\n","protected":false},"excerpt":{"rendered":"<p>Mu\u011fla\u2019n\u0131n Yata\u011fan il\u00e7esine ba\u011fl\u0131 Hac\u0131veliler Mahallesi\u2019nde orman yang\u0131n\u0131 \u00e7\u0131kt\u0131. Yata\u011fan il\u00e7esinde \u00e7\u0131kan orman yang\u0131n\u0131n\u0131 fark eden vatanda\u015flar\u0131n durumu 112 Acil \u00c7a\u011fr\u0131 Merkezi\u2019ne bildirmesi \u00fczerine b\u00f6lgeye \u00e7ok say\u0131da Mu\u011fla Orman B\u00f6lge M\u00fcd\u00fcrl\u00fc\u011f\u00fc\u2019ne ba\u011fl\u0131 ekip sevk edildi. Ekipler, yang\u0131n\u0131 kontrol alt\u0131na almak i\u00e7in karadan m\u00fcdahale ediyor<\/p>\n","protected":false},"author":1,"featured_media":50138,"comment_status":"open","ping_status":"open","sticky":false,"template":"","format":"standard","meta":{"_crdt_document":"","footnotes":""},"categories":[5],"tags":[],"class_list":["post-50137","post","type-post","status-publish","format-standard","has-post-thumbnail","hentry","category-asayis"],"_links":{"self":[{"href":"https:\/\/www.egemtv.com\/index.php?rest_route=\/wp\/v2\/posts\/50137","targetHints":{"allow":["GET"]}}],"collection":[{"href":"https:\/\/www.egemtv.com\/index.php?rest_route=\/wp\/v2\/posts"}],"about":[{"href":"https:\/\/www.egemtv.com\/index.php?rest_route=\/wp\/v2\/types\/post"}],"author":[{"embeddable":true,"href":"https:\/\/www.egemtv.com\/index.php?rest_route=\/wp\/v2\/users\/1"}],"replies":[{"embeddable":true,"href":"https:\/\/www.egemtv.com\/index.php?rest_route=%2Fwp%2Fv2%2Fcomments&post=50137"}],"version-history":[{"count":1,"href":"https:\/\/www.egemtv.com\/index.php?rest_route=\/wp\/v2\/posts\/50137\/revisions"}],"predecessor-version":[{"id":50139,"href":"https:\/\/www.egemtv.com\/index.php?rest_route=\/wp\/v2\/posts\/50137\/revisions\/50139"}],"wp:featuredmedia":[{"embeddable":true,"href":"https:\/\/www.egemtv.com\/index.php?rest_route=\/wp\/v2\/media\/50138"}],"wp:attachment":[{"href":"https:\/\/www.egemtv.com\/index.php?rest_route=%2Fwp%2Fv2%2Fmedia&parent=50137"}],"wp:term":[{"taxonomy":"category","embeddable":true,"href":"https:\/\/www.egemtv.com\/index.php?rest_route=%2Fwp%2Fv2%2Fcategories&post=50137"},{"taxonomy":"post_tag","embeddable":true,"href":"https:\/\/www.egemtv.com\/index.php?rest_route=%2Fwp%2Fv2%2Ftags&post=50137"}],"curies":[{"name":"wp","href":"https:\/\/api.w.org\/{rel}","templated":true}]}}