{"id":50134,"date":"2025-08-20T21:34:34","date_gmt":"2025-08-20T18:34:34","guid":{"rendered":"https:\/\/www.egemtv.com\/?p=50134"},"modified":"2025-08-20T21:34:35","modified_gmt":"2025-08-20T18:34:35","slug":"bozdogan-belediye-baskani-ozel-partimdeyim-hicbir-yere-gittigim-yok","status":"publish","type":"post","link":"https:\/\/www.egemtv.com\/?p=50134","title":{"rendered":"Bozdo\u011fan Belediye Ba\u015fkan\u0131 \u00d6zel: &#8220;Partimdeyim, hi\u00e7bir yere gitti\u011fim yok&#8221;"},"content":{"rendered":"<p>Hakk\u0131nda \u00e7\u0131kan parti de\u011fi\u015ftirece\u011fi iddialar\u0131na yan\u0131t veren Bozdo\u011fan Belediye Ba\u015fkan\u0131 Mustafa Galip \u00d6zel; &#8220;Partimdeyim, hi\u00e7bir yere gitti\u011fim yok&#8221; dedi.<br \/>\n<br \/>Bozdo\u011fan Belediye Ba\u015fkan\u0131 Mustafa Galip \u00d6zel hakk\u0131nda \u00e7\u0131kan parti de\u011fi\u015ftirecek iddialar\u0131na a\u00e7\u0131kl\u0131k getirdi. Parti de\u011fi\u015ftirme iddialar\u0131n\u0131 sert dille reddeden Ba\u015fkan \u00d6zel; &#8220;Hakk\u0131mda ortaya at\u0131lan \u2019AK Parti\u2019ye ge\u00e7iyor\u2019 iddialar\u0131 tamamen as\u0131ls\u0131z, maksatl\u0131 ve ucuz dedikodulardan ibarettir. Bu s\u00f6ylentileri \u00e7\u0131karanlar, Bozdo\u011fan\u2019da yapt\u0131\u011f\u0131m\u0131z hizmetleri g\u00f6lgelemeye \u00e7al\u0131\u015fan, siyasi \u00e7\u0131kar pe\u015findeki \u00e7evrelerdir. A\u00e7\u0131k ve net s\u00f6yl\u00fcyorum. Ben Cumhuriyet Halk Partisi\u2019nden aday oldum, halk\u0131m\u0131n deste\u011fi ile se\u00e7ildim ve g\u00f6revimi yine partimde, halk\u0131m i\u00e7in s\u00fcrd\u00fcrmeye devam ediyorum. Benim siyaset anlay\u0131\u015f\u0131m, birilerinin pe\u015fine tak\u0131lmak ya da ki\u015fisel hesaplar\u0131n pe\u015finde ko\u015fmak de\u011fildir. Benim tek derdim ve tek g\u00fcndemim Bozdo\u011fan\u2019d\u0131r. Meclis \u00fcyelerimle birlikte 1,5 y\u0131ld\u0131r her mahallemize dokunuyor, ayr\u0131m g\u00f6zetmeden hizmet \u00fcretiyoruz. Kurakl\u0131k ya\u015fayan \u00e7ift\u00e7imiz i\u00e7in \u00e7\u00f6z\u00fcm ar\u0131yor, kendi imkanlar\u0131m\u0131zla hayata ge\u00e7irdi\u011fimiz projelerle il\u00e7emize de\u011fer kat\u0131yoruz.<br \/>\n<br \/>Kim ne derse desin, g\u00fcndemim d\u00fcn de hizmetti, bug\u00fcn de hizmettir, yar\u0131n da hizmet olmaya devam edecek&#8221; diyerek ba\u015fka partiye ge\u00e7ecek iddialar\u0131n\u0131n as\u0131ls\u0131z oldu\u011funu belirtti.<br \/><\/p>\n","protected":false},"excerpt":{"rendered":"<p>Hakk\u0131nda \u00e7\u0131kan parti de\u011fi\u015ftirece\u011fi iddialar\u0131na yan\u0131t veren Bozdo\u011fan Belediye Ba\u015fkan\u0131 Mustafa Galip \u00d6zel; &#8220;Partimdeyim, hi\u00e7bir yere gitti\u011fim yok&#8221; dedi. Bozdo\u011fan Belediye Ba\u015fkan\u0131 Mustafa Galip \u00d6zel hakk\u0131nda \u00e7\u0131kan parti de\u011fi\u015ftirecek iddialar\u0131na a\u00e7\u0131kl\u0131k getirdi. Parti de\u011fi\u015ftirme iddialar\u0131n\u0131 sert dille reddeden Ba\u015fkan \u00d6zel; &#8220;Hakk\u0131mda ortaya at\u0131lan \u2019AK Parti\u2019ye ge\u00e7iyor\u2019 iddialar\u0131 tamamen as\u0131ls\u0131z, maksatl\u0131 ve ucuz dedikodulardan ibarettir. Bu&#8230;<\/p>\n","protected":false},"author":1,"featured_media":50135,"comment_status":"open","ping_status":"open","sticky":false,"template":"","format":"standard","meta":{"_crdt_document":"","footnotes":""},"categories":[127],"tags":[],"class_list":["post-50134","post","type-post","status-publish","format-standard","has-post-thumbnail","hentry","category-siyaset"],"_links":{"self":[{"href":"https:\/\/www.egemtv.com\/index.php?rest_route=\/wp\/v2\/posts\/50134","targetHints":{"allow":["GET"]}}],"collection":[{"href":"https:\/\/www.egemtv.com\/index.php?rest_route=\/wp\/v2\/posts"}],"about":[{"href":"https:\/\/www.egemtv.com\/index.php?rest_route=\/wp\/v2\/types\/post"}],"author":[{"embeddable":true,"href":"https:\/\/www.egemtv.com\/index.php?rest_route=\/wp\/v2\/users\/1"}],"replies":[{"embeddable":true,"href":"https:\/\/www.egemtv.com\/index.php?rest_route=%2Fwp%2Fv2%2Fcomments&post=50134"}],"version-history":[{"count":1,"href":"https:\/\/www.egemtv.com\/index.php?rest_route=\/wp\/v2\/posts\/50134\/revisions"}],"predecessor-version":[{"id":50136,"href":"https:\/\/www.egemtv.com\/index.php?rest_route=\/wp\/v2\/posts\/50134\/revisions\/50136"}],"wp:featuredmedia":[{"embeddable":true,"href":"https:\/\/www.egemtv.com\/index.php?rest_route=\/wp\/v2\/media\/50135"}],"wp:attachment":[{"href":"https:\/\/www.egemtv.com\/index.php?rest_route=%2Fwp%2Fv2%2Fmedia&parent=50134"}],"wp:term":[{"taxonomy":"category","embeddable":true,"href":"https:\/\/www.egemtv.com\/index.php?rest_route=%2Fwp%2Fv2%2Fcategories&post=50134"},{"taxonomy":"post_tag","embeddable":true,"href":"https:\/\/www.egemtv.com\/index.php?rest_route=%2Fwp%2Fv2%2Ftags&post=50134"}],"curies":[{"name":"wp","href":"https:\/\/api.w.org\/{rel}","templated":true}]}}