{"id":50131,"date":"2025-08-20T21:34:33","date_gmt":"2025-08-20T18:34:33","guid":{"rendered":"https:\/\/www.egemtv.com\/?p=50131"},"modified":"2025-08-20T21:34:34","modified_gmt":"2025-08-20T18:34:34","slug":"burdurda-traktor-geri-kaydi-altta-kalan-yasli-kadin-hayatini-kaybetti","status":"publish","type":"post","link":"https:\/\/www.egemtv.com\/?p=50131","title":{"rendered":"Burdur\u2019da trakt\u00f6r geri kayd\u0131 altta kalan ya\u015fl\u0131 kad\u0131n hayat\u0131n\u0131 kaybetti"},"content":{"rendered":"<p>Burdur\u2019un Ye\u015filova il\u00e7esinde trakt\u00f6rden yem indirildi\u011fi esnada freni bo\u015falan trakt\u00f6r\u00fcn geri kaymas\u0131 sonucu altta kalan ya\u015fl\u0131 kad\u0131n hayat\u0131n\u0131 kaybetti.<br \/>\n<br \/>Kaza saat 19.00 s\u0131ralar\u0131nda Ye\u015filova il\u00e7esi Alank\u00f6y k\u00f6y\u00fcnde meydana geldi. Edinilen bilgilere g\u00f6re, Alank\u00f6y\u2019de H\u00fcseyin K. isimli ki\u015fi 15 LD 348 plakal\u0131 trakt\u00f6r\u00fcnden yem indirdi\u011fi esnada freni bo\u015falan trakt\u00f6r geri kayd\u0131. O s\u0131rada trakt\u00f6r\u00fcn arkas\u0131nda duran e\u015fi \u015eekibe K. (73) trakt\u00f6r\u00fcn alt\u0131nda kalarak a\u011f\u0131r yaraland\u0131. E\u015finin 112 Acil \u00c7a\u011fr\u0131 Merkezine ihbar\u0131 \u00fczerine olay yerine sa\u011fl\u0131k ve jandarma ekipleri sevk edildi. Olay yerine gelen sa\u011fl\u0131k ekiplerinin yapt\u0131\u011f\u0131 kontrollerde \u015eekibe K.\u2018nin hayat\u0131n\u0131 kaybetti\u011fi belirlendi. Savc\u0131 ve olay yeri inceleme ekiplerinin \u00e7al\u0131\u015fmalar\u0131n\u0131n ard\u0131ndan \u015eekibe K.\u2019nin cenazesi morga kald\u0131r\u0131ld\u0131. H\u00fcseyin K. ise ifadesi al\u0131nmak \u00fczere karakola g\u00f6t\u00fcr\u00fcld\u00fc. Olayla ilgili inceleme ba\u015flat\u0131ld\u0131.<br \/><\/p>\n","protected":false},"excerpt":{"rendered":"<p>Burdur\u2019un Ye\u015filova il\u00e7esinde trakt\u00f6rden yem indirildi\u011fi esnada freni bo\u015falan trakt\u00f6r\u00fcn geri kaymas\u0131 sonucu altta kalan ya\u015fl\u0131 kad\u0131n hayat\u0131n\u0131 kaybetti. Kaza saat 19.00 s\u0131ralar\u0131nda Ye\u015filova il\u00e7esi Alank\u00f6y k\u00f6y\u00fcnde meydana geldi. Edinilen bilgilere g\u00f6re, Alank\u00f6y\u2019de H\u00fcseyin K. isimli ki\u015fi 15 LD 348 plakal\u0131 trakt\u00f6r\u00fcnden yem indirdi\u011fi esnada freni bo\u015falan trakt\u00f6r geri kayd\u0131. O s\u0131rada trakt\u00f6r\u00fcn arkas\u0131nda duran&#8230;<\/p>\n","protected":false},"author":1,"featured_media":50132,"comment_status":"open","ping_status":"open","sticky":false,"template":"","format":"standard","meta":{"_crdt_document":"","footnotes":""},"categories":[5],"tags":[],"class_list":["post-50131","post","type-post","status-publish","format-standard","has-post-thumbnail","hentry","category-asayis"],"_links":{"self":[{"href":"https:\/\/www.egemtv.com\/index.php?rest_route=\/wp\/v2\/posts\/50131","targetHints":{"allow":["GET"]}}],"collection":[{"href":"https:\/\/www.egemtv.com\/index.php?rest_route=\/wp\/v2\/posts"}],"about":[{"href":"https:\/\/www.egemtv.com\/index.php?rest_route=\/wp\/v2\/types\/post"}],"author":[{"embeddable":true,"href":"https:\/\/www.egemtv.com\/index.php?rest_route=\/wp\/v2\/users\/1"}],"replies":[{"embeddable":true,"href":"https:\/\/www.egemtv.com\/index.php?rest_route=%2Fwp%2Fv2%2Fcomments&post=50131"}],"version-history":[{"count":1,"href":"https:\/\/www.egemtv.com\/index.php?rest_route=\/wp\/v2\/posts\/50131\/revisions"}],"predecessor-version":[{"id":50133,"href":"https:\/\/www.egemtv.com\/index.php?rest_route=\/wp\/v2\/posts\/50131\/revisions\/50133"}],"wp:featuredmedia":[{"embeddable":true,"href":"https:\/\/www.egemtv.com\/index.php?rest_route=\/wp\/v2\/media\/50132"}],"wp:attachment":[{"href":"https:\/\/www.egemtv.com\/index.php?rest_route=%2Fwp%2Fv2%2Fmedia&parent=50131"}],"wp:term":[{"taxonomy":"category","embeddable":true,"href":"https:\/\/www.egemtv.com\/index.php?rest_route=%2Fwp%2Fv2%2Fcategories&post=50131"},{"taxonomy":"post_tag","embeddable":true,"href":"https:\/\/www.egemtv.com\/index.php?rest_route=%2Fwp%2Fv2%2Ftags&post=50131"}],"curies":[{"name":"wp","href":"https:\/\/api.w.org\/{rel}","templated":true}]}}