{"id":50128,"date":"2025-08-20T21:34:32","date_gmt":"2025-08-20T18:34:32","guid":{"rendered":"https:\/\/www.egemtv.com\/?p=50128"},"modified":"2025-08-20T21:34:33","modified_gmt":"2025-08-20T18:34:33","slug":"eniste-kayinbirader-arasinda-tornavidali-ve-bicakli-kavga-2-yarali","status":"publish","type":"post","link":"https:\/\/www.egemtv.com\/?p=50128","title":{"rendered":"Eni\u015fte-kay\u0131nbirader aras\u0131nda tornavidal\u0131 ve b\u0131\u00e7akl\u0131 kavga: 2 yaral\u0131"},"content":{"rendered":"<p>Ayd\u0131n\u2019\u0131n Efeler il\u00e7esinde kay\u0131nbirader ile iddiaya g\u00f6re ablas\u0131na \u015fiddet uygulayan eni\u015ftesi aras\u0131nda \u00e7\u0131kan tornavidal\u0131 ve b\u0131\u00e7akl\u0131 kavgada 2 ki\u015fi yaraland\u0131.<br \/>\n<br \/>Olay, Orta Mahalle Sanayi Caddesi \u00fczerindeki bir i\u015f yerinde ak\u015fam saatlerinde meydana geldi. Edinilen bilgiye g\u00f6re Y.\u015e. adl\u0131 ki\u015fi, iddiaya g\u00f6re ablas\u0131n\u0131 darbeden eni\u015ftesi V.B. ile tart\u0131\u015fmaya ba\u015flad\u0131. Tart\u0131\u015fma k\u0131sa s\u00fcrede b\u00fcy\u00fcyerek kavgaya d\u00f6n\u00fc\u015ft\u00fc. B\u0131\u00e7ak ve tornavidalar\u0131n kullan\u0131ld\u0131\u011f\u0131 kavgada \u015fah\u0131slar birbirlerini v\u00fccutlar\u0131n\u0131n \u00e7e\u015fitli yerlerden yaralad\u0131. \u0130hbar \u00fczerine b\u00f6lgeye polis ve sa\u011fl\u0131k ekipleri sevk edildi. Vatanda\u015flar\u0131n ay\u0131ramad\u0131\u011f\u0131 \u015fah\u0131slar\u0131 k\u0131sa s\u00fcrede olay yerine gelen polis ekipleri g\u00fc\u00e7l\u00fckle ay\u0131rd\u0131. Sa\u011fl\u0131k ekipleri taraf\u0131ndan ilk m\u00fcdahaleleri yap\u0131lan eni\u015fte ve kay\u0131nbirader ambulanslarla hastaneye kald\u0131r\u0131ld\u0131.<br \/>\n<br \/>Olayla ilgili soru\u015fturma s\u00fcr\u00fcyor.<br \/><\/p>\n","protected":false},"excerpt":{"rendered":"<p>Ayd\u0131n\u2019\u0131n Efeler il\u00e7esinde kay\u0131nbirader ile iddiaya g\u00f6re ablas\u0131na \u015fiddet uygulayan eni\u015ftesi aras\u0131nda \u00e7\u0131kan tornavidal\u0131 ve b\u0131\u00e7akl\u0131 kavgada 2 ki\u015fi yaraland\u0131. Olay, Orta Mahalle Sanayi Caddesi \u00fczerindeki bir i\u015f yerinde ak\u015fam saatlerinde meydana geldi. Edinilen bilgiye g\u00f6re Y.\u015e. adl\u0131 ki\u015fi, iddiaya g\u00f6re ablas\u0131n\u0131 darbeden eni\u015ftesi V.B. ile tart\u0131\u015fmaya ba\u015flad\u0131. Tart\u0131\u015fma k\u0131sa s\u00fcrede b\u00fcy\u00fcyerek kavgaya d\u00f6n\u00fc\u015ft\u00fc. B\u0131\u00e7ak&#8230;<\/p>\n","protected":false},"author":1,"featured_media":50129,"comment_status":"open","ping_status":"open","sticky":false,"template":"","format":"standard","meta":{"_crdt_document":"","footnotes":""},"categories":[5],"tags":[],"class_list":["post-50128","post","type-post","status-publish","format-standard","has-post-thumbnail","hentry","category-asayis"],"_links":{"self":[{"href":"https:\/\/www.egemtv.com\/index.php?rest_route=\/wp\/v2\/posts\/50128","targetHints":{"allow":["GET"]}}],"collection":[{"href":"https:\/\/www.egemtv.com\/index.php?rest_route=\/wp\/v2\/posts"}],"about":[{"href":"https:\/\/www.egemtv.com\/index.php?rest_route=\/wp\/v2\/types\/post"}],"author":[{"embeddable":true,"href":"https:\/\/www.egemtv.com\/index.php?rest_route=\/wp\/v2\/users\/1"}],"replies":[{"embeddable":true,"href":"https:\/\/www.egemtv.com\/index.php?rest_route=%2Fwp%2Fv2%2Fcomments&post=50128"}],"version-history":[{"count":1,"href":"https:\/\/www.egemtv.com\/index.php?rest_route=\/wp\/v2\/posts\/50128\/revisions"}],"predecessor-version":[{"id":50130,"href":"https:\/\/www.egemtv.com\/index.php?rest_route=\/wp\/v2\/posts\/50128\/revisions\/50130"}],"wp:featuredmedia":[{"embeddable":true,"href":"https:\/\/www.egemtv.com\/index.php?rest_route=\/wp\/v2\/media\/50129"}],"wp:attachment":[{"href":"https:\/\/www.egemtv.com\/index.php?rest_route=%2Fwp%2Fv2%2Fmedia&parent=50128"}],"wp:term":[{"taxonomy":"category","embeddable":true,"href":"https:\/\/www.egemtv.com\/index.php?rest_route=%2Fwp%2Fv2%2Fcategories&post=50128"},{"taxonomy":"post_tag","embeddable":true,"href":"https:\/\/www.egemtv.com\/index.php?rest_route=%2Fwp%2Fv2%2Ftags&post=50128"}],"curies":[{"name":"wp","href":"https:\/\/api.w.org\/{rel}","templated":true}]}}