{"id":50125,"date":"2025-08-20T19:56:45","date_gmt":"2025-08-20T16:56:45","guid":{"rendered":"https:\/\/www.egemtv.com\/?p=50125"},"modified":"2025-08-20T19:56:45","modified_gmt":"2025-08-20T16:56:45","slug":"tavsanlida-turkiye-yuzyili-bulusmalari","status":"publish","type":"post","link":"https:\/\/www.egemtv.com\/?p=50125","title":{"rendered":"Tav\u015fanl\u0131\u2019da T\u00fcrkiye Y\u00fczy\u0131l\u0131 Bulu\u015fmalar\u0131"},"content":{"rendered":"<p>T\u00fcrkiye Y\u00fczy\u0131l\u0131 Bulu\u015fmalar\u0131 kapsam\u0131nda AK Parti Bursa Milletvekili Ahmet K\u0131l\u0131\u00e7, K\u00fctahya\u2019n\u0131n Tav\u015fanl\u0131 il\u00e7esine ziyarette bulundu. Heyette, \u0130l\u00e7e Ba\u015fkan\u0131 Himmet \u00d6zer, \u0130l\u00e7e Kad\u0131n Kollar\u0131 Ba\u015fkan\u0131 M\u00fcjgan Alp, \u0130l\u00e7e Gen\u00e7lik Kollar\u0131 Ba\u015fkan\u0131 Hasan Can \u015eener ve y\u00f6netim kurulu \u00fcyeleri de yer ald\u0131.<br \/>\n<br \/>Heyet, Tav\u015fanl\u0131\u2019ya geldikten sonra ilk olarak AK Parti \u0130l\u00e7e Ba\u015fkanl\u0131\u011f\u0131\u2019nda k\u0131sa bir toplant\u0131 ger\u00e7ekle\u015ftirdi. Toplant\u0131n\u0131n ard\u0131ndan Tav\u015fanl\u0131 Ticaret Odas\u0131, esnaf odalar\u0131, \u015fehit ve gazi yak\u0131nlar\u0131 ziyaret edildi.<br \/>\n<br \/>Ziyaretin \u00f6nemli duraklar\u0131ndan biri olan Tav\u015fanl\u0131 Ticaret Odas\u0131\u2019nda heyet, Oda Ba\u015fkan\u0131 Davut Efe ve y\u00f6netimiyle bir araya geldi. Heyet, il\u00e7enin ekonomik geli\u015fimi ve i\u015f d\u00fcnyas\u0131n\u0131n talepleri hakk\u0131nda isti\u015farelerde bulundu. Milletvekili Ahmet K\u0131l\u0131\u00e7, T\u00fcrkiye Y\u00fczy\u0131l\u0131 vizyonunun \u00fcreten, b\u00fcy\u00fcyen ve istihdam sa\u011flayan bir ekonomi \u00fczerine in\u015fa edildi\u011fini belirtti.<br \/>\n<br \/>Heyet, misafirperverliklerinden dolay\u0131 Oda Ba\u015fkan\u0131 Davut Efe ve y\u00f6netimine te\u015fekk\u00fcr ederek, Tav\u015fanl\u0131\u2019n\u0131n kalk\u0131nmas\u0131 i\u00e7in birlikte at\u0131lacak ad\u0131mlar\u0131n hay\u0131rlara vesile olmas\u0131n\u0131 diledi. Ziyaretler, g\u00fcn boyu devam etti.<br \/><\/p>\n","protected":false},"excerpt":{"rendered":"<p>T\u00fcrkiye Y\u00fczy\u0131l\u0131 Bulu\u015fmalar\u0131 kapsam\u0131nda AK Parti Bursa Milletvekili Ahmet K\u0131l\u0131\u00e7, K\u00fctahya\u2019n\u0131n Tav\u015fanl\u0131 il\u00e7esine ziyarette bulundu. Heyette, \u0130l\u00e7e Ba\u015fkan\u0131 Himmet \u00d6zer, \u0130l\u00e7e Kad\u0131n Kollar\u0131 Ba\u015fkan\u0131 M\u00fcjgan Alp, \u0130l\u00e7e Gen\u00e7lik Kollar\u0131 Ba\u015fkan\u0131 Hasan Can \u015eener ve y\u00f6netim kurulu \u00fcyeleri de yer ald\u0131. Heyet, Tav\u015fanl\u0131\u2019ya geldikten sonra ilk olarak AK Parti \u0130l\u00e7e Ba\u015fkanl\u0131\u011f\u0131\u2019nda k\u0131sa bir toplant\u0131 ger\u00e7ekle\u015ftirdi. Toplant\u0131n\u0131n&#8230;<\/p>\n","protected":false},"author":1,"featured_media":50126,"comment_status":"open","ping_status":"open","sticky":false,"template":"","format":"standard","meta":{"_crdt_document":"","footnotes":""},"categories":[127],"tags":[],"class_list":["post-50125","post","type-post","status-publish","format-standard","has-post-thumbnail","hentry","category-siyaset"],"_links":{"self":[{"href":"https:\/\/www.egemtv.com\/index.php?rest_route=\/wp\/v2\/posts\/50125","targetHints":{"allow":["GET"]}}],"collection":[{"href":"https:\/\/www.egemtv.com\/index.php?rest_route=\/wp\/v2\/posts"}],"about":[{"href":"https:\/\/www.egemtv.com\/index.php?rest_route=\/wp\/v2\/types\/post"}],"author":[{"embeddable":true,"href":"https:\/\/www.egemtv.com\/index.php?rest_route=\/wp\/v2\/users\/1"}],"replies":[{"embeddable":true,"href":"https:\/\/www.egemtv.com\/index.php?rest_route=%2Fwp%2Fv2%2Fcomments&post=50125"}],"version-history":[{"count":1,"href":"https:\/\/www.egemtv.com\/index.php?rest_route=\/wp\/v2\/posts\/50125\/revisions"}],"predecessor-version":[{"id":50127,"href":"https:\/\/www.egemtv.com\/index.php?rest_route=\/wp\/v2\/posts\/50125\/revisions\/50127"}],"wp:featuredmedia":[{"embeddable":true,"href":"https:\/\/www.egemtv.com\/index.php?rest_route=\/wp\/v2\/media\/50126"}],"wp:attachment":[{"href":"https:\/\/www.egemtv.com\/index.php?rest_route=%2Fwp%2Fv2%2Fmedia&parent=50125"}],"wp:term":[{"taxonomy":"category","embeddable":true,"href":"https:\/\/www.egemtv.com\/index.php?rest_route=%2Fwp%2Fv2%2Fcategories&post=50125"},{"taxonomy":"post_tag","embeddable":true,"href":"https:\/\/www.egemtv.com\/index.php?rest_route=%2Fwp%2Fv2%2Ftags&post=50125"}],"curies":[{"name":"wp","href":"https:\/\/api.w.org\/{rel}","templated":true}]}}