{"id":50119,"date":"2025-08-20T18:14:59","date_gmt":"2025-08-20T15:14:59","guid":{"rendered":"https:\/\/www.egemtv.com\/?p=50119"},"modified":"2025-08-20T18:15:00","modified_gmt":"2025-08-20T15:15:00","slug":"milli-egitim-bakani-tekin-terorsuz-turkiye-onumuzdeki-engelleri-kaldiracak","status":"publish","type":"post","link":"https:\/\/www.egemtv.com\/?p=50119","title":{"rendered":"Milli E\u011fitim Bakan\u0131 Tekin: &#8220;Ter\u00f6rs\u00fcz T\u00fcrkiye \u00f6n\u00fcm\u00fczdeki engelleri kald\u0131racak&#8221;"},"content":{"rendered":"<p>Afyonkarahisar\u2019da a\u00e7\u0131klamalarda bulunan Milli E\u011fitim Bakan\u0131 Prof. Dr. Yusuf Tekin, \u015fehitleri rencide edecek hi\u00e7bir s\u00fcrecin i\u00e7inde bulunmad\u0131klar\u0131n\u0131 ve bulunmayacaklar\u0131n\u0131 vurgulayarak, &#8220;Ter\u00f6rs\u00fcz T\u00fcrkiye, ekonomiden turizme, e\u011fitimden demokratik siyasal ya\u015fama kadar her alanda \u00f6n\u00fcm\u00fczdeki engellerin bir\u00e7o\u011funu ortadan kald\u0131rmam\u0131za vesile olacakt\u0131r&#8221; dedi.<br \/>\n<br \/>Milli E\u011fitim Bakan\u0131 Prof. Dr. Yusuf Tekin, bir dizi temasta bulunmak i\u00e7in Afyonkarahisar\u2019a geldi. Bakan Tekin ilk olarak, AK Parti \u0130l Ba\u015fkanl\u0131\u011f\u0131 taraf\u0131ndan Afyonkarahisar \u00d6\u011fretmenevi\u2019nde d\u00fczenlenen T\u00fcrkiye Y\u00fczy\u0131l\u0131 Bulu\u015fmalar\u0131 program\u0131 \u00e7er\u00e7evesinde \u2019Hep Birlikte G\u00fc\u00e7l\u00fc T\u00fcrkiye\u2019 toplant\u0131s\u0131na kat\u0131ld\u0131. AK Parti Afyonkarahisar \u0130l Ba\u015fkan\u0131 Av. Turgay \u015eahin, AK Parti Milletvekilleri ve \u00e7ok say\u0131da partili kat\u0131ld\u0131\u011f\u0131 programda konu\u015fma yapan Bakan Tekin, \u2019Ter\u00f6rs\u00fcz T\u00fcrkiye\u2019 s\u00fcrecine ili\u015fkin \u00f6nemli mesajlar verdi.<\/p>\n<p>&#8220;Ter\u00f6rs\u00fcz T\u00fcrkiye \u00f6n\u00fcm\u00fczdeki engelleri kald\u0131racak&#8221;<br \/>\n<br \/>AK Parti\u2019nin T\u00fcrk siyasal hayat\u0131nda yapt\u0131klar\u0131n\u0131 ve yapacaklar\u0131n\u0131 \u00e7ok geni\u015f toplumsal isti\u015farelerle ger\u00e7ekle\u015ftirdi\u011fini belirten Milli E\u011fitim Bakan\u0131 Prof. Dr. Yusuf Tekin, &#8220;AK Parti g\u00fcc\u00fcn\u00fc toplumdan alan bir siyasi gelenek olu\u015fturdu. AK Parti, T\u00fcrkiye\u2019deki egemen siyasal k\u00fclt\u00fcr\u00fcn jakoben anlay\u0131\u015f\u0131 yerine toplumdan beslenen toplumla entegre bir bi\u00e7imde politikalar \u00fcreten, devlet politikalar\u0131 hayata ge\u00e7iren bir siyasi gelenek ba\u015flatt\u0131. Afyon\u2019da bulunmam\u0131z\u0131n ana gerek\u00e7esi bu bahsetti\u011fim gelene\u011fin do\u011fal bir par\u00e7as\u0131 olarak buraday\u0131z. Biz Adalet ve Kalk\u0131nma Partisi iktidarlar\u0131 d\u00f6neminde hep bu s\u00fcreci y\u00fcr\u00fctt\u00fck. Yaz aylar\u0131nda yo\u011fun bir bi\u00e7imde toplumla hem hal olan yapt\u0131klar\u0131n\u0131 ya da y\u0131l i\u00e7erisinde planlad\u0131klar\u0131n\u0131 toplumla payla\u015fan bir anlamda demokrasilerin en temel denetim mekanizmas\u0131 olan kamuoyu denetimine kendisini g\u00f6n\u00fcll\u00fc olarak a\u00e7an bir siyasi gelenek bug\u00fcn bizim burada bulunmam\u0131z\u0131n gerek\u00e7esidir. Say\u0131n Cumhurba\u015fkan\u0131m\u0131z\u0131n ve Cumhur \u0130ttifak\u0131 orta\u011f\u0131m\u0131z MHP Genel Ba\u015fkan\u0131 Say\u0131n Devlet Bah\u00e7eli\u2019nin a\u00e7\u0131klamalar\u0131yla destek oldu\u011fu bir s\u00fcreci kamuoyunda hep beraber konu\u015fmak \u00fczere bug\u00fcn buraday\u0131z. \u2019Ter\u00f6rs\u00fcz T\u00fcrkiye\u2019 ad\u0131n\u0131 verdi\u011fimiz bu s\u00fcre\u00e7 \u00f6n\u00fcm\u00fczdeki d\u00f6nem T\u00fcrk siyasetin ana g\u00fcndem maddelerinden bir tanesi olacak. Bu s\u00fcre\u00e7 sa\u011fl\u0131kl\u0131 bir \u015fekilde sonu\u00e7lan\u0131rsa \u00f6n\u00fcm\u00fczdeki y\u00fcz y\u0131l T\u00fcrkiye y\u00fczy\u0131l\u0131 olarak planlan\u0131p bunu hayata ge\u00e7irmek isteyen T\u00fcrk milletine devlete \u00f6nemli bir imk\u00e2n sunmu\u015f olacak. E\u011fer bu proje hayata ge\u00e7erse, \u2019Ter\u00f6rs\u00fcz T\u00fcrkiye\u2019 ideali hayata ge\u00e7erse bizlerin \u00f6n\u00fcm\u00fczdeki 100 y\u0131l\u0131 \u2019T\u00fcrkiye Y\u00fczy\u0131l\u0131\u2019 yapmak i\u00e7in elimiz ciddi \u015fekilde rahatlatacakt\u0131r. Ekonomiden turizme, e\u011fitimden demokratik siyasal ya\u015fama kadar her alanda \u2019Ter\u00f6rs\u00fcz T\u00fcrkiye\u2019 \u00f6n\u00fcm\u00fczdeki engellerin bir\u00e7o\u011funu ortadan kald\u0131rmam\u0131za vesile olacakt\u0131r. O y\u00fczden bu politikan\u0131n toplumsal me\u015fruiyetinin maksimize edilebilmesi ve \u00f6n\u00fcm\u00fczdeki s\u00fcrecin yol haritas\u0131n\u0131n olu\u015fturulmas\u0131 a\u00e7\u0131s\u0131ndan kamuoyundan elde edece\u011fimiz geri d\u00f6n\u00fc\u015f\u00fcmler \u00e7ok \u00f6nemlidir. \u0130\u015fte o y\u00fczden bu y\u0131lki T\u00fcrkiye bulu\u015fmalar\u0131n\u0131n ana temas\u0131 olarak \u2019Ter\u00f6rs\u00fcz T\u00fcrkiye\u2019 s\u00fcrecini planlad\u0131k bu planlama \u00e7er\u00e7evesinde genel merkezimizin organize etti\u011fi bir heyetle bug\u00fcn Afyon\u2019day\u0131z&#8221; \u015feklinde konu\u015ftu.<\/p>\n<p>&#8220;AK Parti \u00f6ncesi vesayet\u00e7i mekanizmalar egemendi&#8221;<br \/>\n<br \/>Recep Tayyip Erdo\u011fan\u2019\u0131n siyasi harekete ba\u015flarken neleri murat etti\u011fini hat\u0131rlatmak istedi\u011fini s\u00f6yleyen Bakan Tekin, &#8220;Say\u0131n Cumhurba\u015fkan\u0131m\u0131z bu harekete ba\u015flat\u0131rken nelerden rahats\u0131zd\u0131? Bunu hat\u0131rlamak a\u00e7\u0131s\u0131ndan birka\u00e7 tane \u00f6rnek sunmak istiyorum. T\u00fcrkiye\u2019nin o g\u00fcnk\u00fc \u015fartlarda en temel rahats\u0131zl\u0131k duyulan konular\u0131 malumdur. Biz T\u00fcrkiye\u2019nin \u00f6n\u00fcnde ter\u00f6r olaylar\u0131n\u0131n yo\u011fun bir bi\u00e7imde ya\u015fand\u0131\u011f\u0131 bir 10 y\u0131l\u0131 g\u00f6rd\u00fck. AK Parti\u2019nin kurumsalla\u015fma emarelerinin ba\u015flang\u0131\u00e7lar\u0131n oldu\u011fu 2001 \u00f6ncesi 10 y\u0131l i\u00e7erisinde T\u00fcrkiye\u2019de ya\u015fanan baz\u0131 olaylar ve siyaset \u00fczerinde vesayet\u00e7i mekanizmalar vard\u0131. Hat\u0131rlamakta zorlan\u0131yoruz ama birka\u00e7 husus var. Mesela 1995 se\u00e7imleri \u00f6ncesinde di\u011fer partiler se\u00e7imi haz\u0131rlan\u0131p, se\u00e7im s\u00fcrecini y\u00fcr\u00fcrken Anayasa Mahkemesi se\u00e7im baraj\u0131n\u0131 iptal etti ve t\u00fcm siyasi partiler b\u00fct\u00fcn haz\u0131rl\u0131klar\u0131n\u0131 bir anlamda yeniden g\u00f6zden ge\u00e7irmek durumunda kald\u0131. Ayn\u0131 karar\u0131nda Anayasa Mahkemesi milletvekilli\u011fi iptal etti. Bu karar \u00fczerinde y\u00fcr\u00fcyen vesayet mekanizmalar\u0131ndan bir tanesi yine Anayasa Mahkemesi\u2019nin 1996 y\u0131l\u0131nda kurulan Refah-Yol h\u00fck\u00fcmeti ile bu h\u00fck\u00fcmetin kuruldu\u011fu d\u00f6nemle ilgili Anayasa Mahkemesi\u2019nin verdi\u011fi bir g\u00fcven oylamas\u0131 iptali var&#8221; ifadelerine yer verdi.<\/p>\n<p>&#8220;OHAL\u2019i kald\u0131rmak vatana ihanet olarak yorumlanm\u0131\u015ft\u0131&#8221;<br \/>\n<br \/>AK Parti\u2019nin 2002 y\u0131l\u0131ndaki se\u00e7imlerde iktidara geldi\u011fini belirten Bakan Tekin, s\u00f6zlerine \u015f\u00f6yle devam etti:<br \/>\n<br \/>&#8220;Siyaset \u00fczerinde vesayetin kol gezdi\u011fi yurt d\u0131\u015f\u0131na \u00e7\u0131kt\u0131\u011f\u0131m\u0131zda T\u00fcrkiye\u2019deki demokratik s\u00fcre\u00e7le ilgili olarak anlat\u0131rken insanlar\u0131n bize tebess\u00fcmle bakt\u0131\u011f\u0131 g\u00fcl\u00fcmsemeyle bakt\u0131\u011f\u0131 bir T\u00fcrkiye\u2019yi ya\u015f\u0131yorduk. Demokratik ilkeler a\u00e7\u0131s\u0131ndan T\u00fcrkiye d\u00fcnyada yar\u0131 \u015faka yar\u0131 ciddi dalga ge\u00e7ilen bir \u00fclkeydi. Ben y\u0131llar \u00f6nce 190\u2019l\u0131 y\u0131llar\u0131n sonunda bir manzara ile kar\u015f\u0131la\u015fm\u0131\u015f, bir T\u00fcrk olarak \u00e7ok utanm\u0131\u015ft\u0131m. Bir \u00fclkede T\u00fcrk Liras\u0131n\u0131n \u00fczerindeki s\u0131f\u0131rlar\u0131 sayarak g\u00fclen bir grup insan\u0131 g\u00f6rd\u00fc\u011f\u00fcnde kahrolmu\u015ftum. Demokrasi \u00fczerinde siyasi vesayetler bunlarla s\u0131n\u0131rl\u0131 de\u011fildi. 28 \u015eubat s\u00fcrecini hepiniz biliyorsunuz. 28 \u015eubat\u2018ta haz\u0131rlanan askeri yap\u0131, e\u011fitimden, ekonomiye kadar demokratik siyasetten, hukuk d\u00fczenine kadar bir\u00e7ok konuya m\u00fcdahale etti. D\u00fcnyan\u0131n hi\u00e7bir demokratik \u00fclkesinde bu m\u00fcdahalenin demokrasiyle evrensel hukukun ilkeleri ile evrensel anayasal ilkelerle ba\u011fda\u015ft\u0131r\u0131lmas\u0131 m\u00fcmk\u00fcn olmayan ad\u0131mlard\u0131r. T\u00fcrkiye maalesef o y\u0131llarda bunlar\u0131 ya\u015f\u0131yordu. 2001 y\u0131lda AK Parti kurulurken Say\u0131n Cumhurba\u015fkan\u0131m\u0131z nas\u0131l bir T\u00fcrkiye hayal ediyordu? Say\u0131n Cumhurba\u015fkan\u0131m\u0131z\u0131n \u00f6ng\u00f6r\u00fcleri; Demokratik hukuk devleti ilkelerinin egemen oldu\u011fu bir \u00fclke hayal ediyordu. Bu hayallerin b\u00fcy\u00fck \u00e7o\u011funlu\u011fu bug\u00fcn ger\u00e7ekle\u015fti. Geriye kalan\u0131 da belki Ter\u00f6rs\u00fcz T\u00fcrkiye ile ilgili bug\u00fcn y\u00fcr\u00fctt\u00fc\u011f\u00fcm\u00fcz s\u00fcre\u00e7 o s\u00fcre\u00e7le ilgili de Say\u0131n Cumhurba\u015fkan\u0131m\u0131z\u0131n, Ba\u015fbakan oldu\u011fu tarihten itibaren neler yap\u0131ld\u0131\u011f\u0131na dair bir yol \u00e7izmenin ahlaki bir zorunluluk oldu\u011funa inan\u0131yorum.&#8221;<br \/>\n<br \/>Bakan Tekin, konu\u015fmas\u0131n\u0131n ard\u0131ndan partililerle k\u0131sa s\u00fcren bir toplant\u0131 yapt\u0131 ve ard\u0131ndan Afyonkarahisar Valili\u011fi\u2019ni ziyaret etti. Valilik \u015eeref Defterine imza atan Bakan Tekin, il protokol\u00fcyle hat\u0131ra foto\u011fraf\u0131 \u00e7ektirdi.<br \/><\/p>\n","protected":false},"excerpt":{"rendered":"<p>Afyonkarahisar\u2019da a\u00e7\u0131klamalarda bulunan Milli E\u011fitim Bakan\u0131 Prof. Dr. Yusuf Tekin, \u015fehitleri rencide edecek hi\u00e7bir s\u00fcrecin i\u00e7inde bulunmad\u0131klar\u0131n\u0131 ve bulunmayacaklar\u0131n\u0131 vurgulayarak, &#8220;Ter\u00f6rs\u00fcz T\u00fcrkiye, ekonomiden turizme, e\u011fitimden demokratik siyasal ya\u015fama kadar her alanda \u00f6n\u00fcm\u00fczdeki engellerin bir\u00e7o\u011funu ortadan kald\u0131rmam\u0131za vesile olacakt\u0131r&#8221; dedi. Milli E\u011fitim Bakan\u0131 Prof. Dr. Yusuf Tekin, bir dizi temasta bulunmak i\u00e7in Afyonkarahisar\u2019a geldi. Bakan Tekin&#8230;<\/p>\n","protected":false},"author":1,"featured_media":50120,"comment_status":"open","ping_status":"open","sticky":false,"template":"","format":"standard","meta":{"_crdt_document":"","footnotes":""},"categories":[127],"tags":[],"class_list":["post-50119","post","type-post","status-publish","format-standard","has-post-thumbnail","hentry","category-siyaset"],"_links":{"self":[{"href":"https:\/\/www.egemtv.com\/index.php?rest_route=\/wp\/v2\/posts\/50119","targetHints":{"allow":["GET"]}}],"collection":[{"href":"https:\/\/www.egemtv.com\/index.php?rest_route=\/wp\/v2\/posts"}],"about":[{"href":"https:\/\/www.egemtv.com\/index.php?rest_route=\/wp\/v2\/types\/post"}],"author":[{"embeddable":true,"href":"https:\/\/www.egemtv.com\/index.php?rest_route=\/wp\/v2\/users\/1"}],"replies":[{"embeddable":true,"href":"https:\/\/www.egemtv.com\/index.php?rest_route=%2Fwp%2Fv2%2Fcomments&post=50119"}],"version-history":[{"count":1,"href":"https:\/\/www.egemtv.com\/index.php?rest_route=\/wp\/v2\/posts\/50119\/revisions"}],"predecessor-version":[{"id":50121,"href":"https:\/\/www.egemtv.com\/index.php?rest_route=\/wp\/v2\/posts\/50119\/revisions\/50121"}],"wp:featuredmedia":[{"embeddable":true,"href":"https:\/\/www.egemtv.com\/index.php?rest_route=\/wp\/v2\/media\/50120"}],"wp:attachment":[{"href":"https:\/\/www.egemtv.com\/index.php?rest_route=%2Fwp%2Fv2%2Fmedia&parent=50119"}],"wp:term":[{"taxonomy":"category","embeddable":true,"href":"https:\/\/www.egemtv.com\/index.php?rest_route=%2Fwp%2Fv2%2Fcategories&post=50119"},{"taxonomy":"post_tag","embeddable":true,"href":"https:\/\/www.egemtv.com\/index.php?rest_route=%2Fwp%2Fv2%2Ftags&post=50119"}],"curies":[{"name":"wp","href":"https:\/\/api.w.org\/{rel}","templated":true}]}}