{"id":50056,"date":"2025-08-20T15:55:59","date_gmt":"2025-08-20T12:55:59","guid":{"rendered":"https:\/\/www.egemtv.com\/?p=50056"},"modified":"2025-08-20T15:56:00","modified_gmt":"2025-08-20T12:56:00","slug":"yenipazar-belediye-baskani-ercan-ak-parti-ilce-teskilatini-agirladi","status":"publish","type":"post","link":"https:\/\/www.egemtv.com\/?p=50056","title":{"rendered":"Yenipazar Belediye Ba\u015fkan\u0131 Ercan, AK Parti il\u00e7e te\u015fkilat\u0131n\u0131 a\u011f\u0131rlad\u0131"},"content":{"rendered":"<p>AK Parti Yenipazar il\u00e7e te\u015fkilat\u0131, partilerine ge\u00e7en Yenipazar Belediye Ba\u015fkan\u0131 Malik Ercan\u2019a \u2019hay\u0131rl\u0131 olsun\u2019 ziyareti ger\u00e7ekle\u015ftirdi.<br \/>\n<br \/>Ayd\u0131n B\u00fcy\u00fck\u015fehir Belediye Ba\u015fkan\u0131 \u00d6zlem \u00c7er\u00e7io\u011flu ile birlikte AK Parti\u2019ye ge\u00e7en il\u00e7e belediye ba\u015fkanlar\u0131ndan olan Yenipazar Belediye Ba\u015fkan\u0131 Malik Ercan, AK Parti Yenipazar il\u00e7e te\u015fkilat\u0131n\u0131 makam\u0131nda a\u011f\u0131rlad\u0131. Ba\u015fkan Ercan\u2019a \u2019hay\u0131rl\u0131 olsun\u2019 ziyareti ger\u00e7ekle\u015ftiren partililer, Ercan\u2019\u0131 aralar\u0131nda g\u00f6rmekten b\u00fcy\u00fck mutluluk duyduklar\u0131n\u0131 ifade etti. Ger\u00e7ekle\u015ftirilen ziyaretin ard\u0131ndan a\u00e7\u0131klama yapan Yenipazar Belediye Ba\u015fkan\u0131 Malik Ercan; &#8220;Belediyemizde AK Parti Yenipazar \u0130l\u00e7e Ba\u015fkan\u0131 Sad\u0131k Yap\u0131c\u0131o\u011flu, Kad\u0131n ve Gen\u00e7lik Kollar\u0131 Ba\u015fkanlar\u0131, Belediye Meclis \u00dcyeleri ve Y\u00f6netim Kurulu \u00dcyelerini a\u011f\u0131rlad\u0131k. Kendilerine nazik ziyaretlerinden \u00f6t\u00fcr\u00fc te\u015fekk\u00fcr ediyorum&#8221; dedi.<br \/><\/p>\n","protected":false},"excerpt":{"rendered":"<p>AK Parti Yenipazar il\u00e7e te\u015fkilat\u0131, partilerine ge\u00e7en Yenipazar Belediye Ba\u015fkan\u0131 Malik Ercan\u2019a \u2019hay\u0131rl\u0131 olsun\u2019 ziyareti ger\u00e7ekle\u015ftirdi. Ayd\u0131n B\u00fcy\u00fck\u015fehir Belediye Ba\u015fkan\u0131 \u00d6zlem \u00c7er\u00e7io\u011flu ile birlikte AK Parti\u2019ye ge\u00e7en il\u00e7e belediye ba\u015fkanlar\u0131ndan olan Yenipazar Belediye Ba\u015fkan\u0131 Malik Ercan, AK Parti Yenipazar il\u00e7e te\u015fkilat\u0131n\u0131 makam\u0131nda a\u011f\u0131rlad\u0131. Ba\u015fkan Ercan\u2019a \u2019hay\u0131rl\u0131 olsun\u2019 ziyareti ger\u00e7ekle\u015ftiren partililer, Ercan\u2019\u0131 aralar\u0131nda g\u00f6rmekten b\u00fcy\u00fck mutluluk&#8230;<\/p>\n","protected":false},"author":1,"featured_media":50057,"comment_status":"open","ping_status":"open","sticky":false,"template":"","format":"standard","meta":{"_crdt_document":"","footnotes":""},"categories":[127],"tags":[],"class_list":["post-50056","post","type-post","status-publish","format-standard","has-post-thumbnail","hentry","category-siyaset"],"_links":{"self":[{"href":"https:\/\/www.egemtv.com\/index.php?rest_route=\/wp\/v2\/posts\/50056","targetHints":{"allow":["GET"]}}],"collection":[{"href":"https:\/\/www.egemtv.com\/index.php?rest_route=\/wp\/v2\/posts"}],"about":[{"href":"https:\/\/www.egemtv.com\/index.php?rest_route=\/wp\/v2\/types\/post"}],"author":[{"embeddable":true,"href":"https:\/\/www.egemtv.com\/index.php?rest_route=\/wp\/v2\/users\/1"}],"replies":[{"embeddable":true,"href":"https:\/\/www.egemtv.com\/index.php?rest_route=%2Fwp%2Fv2%2Fcomments&post=50056"}],"version-history":[{"count":1,"href":"https:\/\/www.egemtv.com\/index.php?rest_route=\/wp\/v2\/posts\/50056\/revisions"}],"predecessor-version":[{"id":50058,"href":"https:\/\/www.egemtv.com\/index.php?rest_route=\/wp\/v2\/posts\/50056\/revisions\/50058"}],"wp:featuredmedia":[{"embeddable":true,"href":"https:\/\/www.egemtv.com\/index.php?rest_route=\/wp\/v2\/media\/50057"}],"wp:attachment":[{"href":"https:\/\/www.egemtv.com\/index.php?rest_route=%2Fwp%2Fv2%2Fmedia&parent=50056"}],"wp:term":[{"taxonomy":"category","embeddable":true,"href":"https:\/\/www.egemtv.com\/index.php?rest_route=%2Fwp%2Fv2%2Fcategories&post=50056"},{"taxonomy":"post_tag","embeddable":true,"href":"https:\/\/www.egemtv.com\/index.php?rest_route=%2Fwp%2Fv2%2Ftags&post=50056"}],"curies":[{"name":"wp","href":"https:\/\/api.w.org\/{rel}","templated":true}]}}