{"id":50053,"date":"2025-08-20T15:36:09","date_gmt":"2025-08-20T12:36:09","guid":{"rendered":"https:\/\/www.egemtv.com\/?p=50053"},"modified":"2025-08-20T15:36:10","modified_gmt":"2025-08-20T12:36:10","slug":"buyuksehirden-cocuklara-ucretsiz-yuzme-kursu","status":"publish","type":"post","link":"https:\/\/www.egemtv.com\/?p=50053","title":{"rendered":"B\u00fcy\u00fck\u015fehir\u2019den \u00e7ocuklara \u00fccretsiz y\u00fczme kursu"},"content":{"rendered":"<p>Mu\u011fla B\u00fcy\u00fck\u015fehir Belediyesi\u2019ne ait Yata\u011fan Hasan Ha\u015fmet I\u015f\u0131k Y\u00fczme Havuzu ve Sosyal Tesislerinde ger\u00e7ekle\u015ftirilen \u00fccretsiz kurslarda, 6-12 ya\u015f grubundaki \u00e7ocuklar uzman e\u011fitmenler e\u015fli\u011finde y\u00fczme e\u011fitimi al\u0131yor.<br \/>\n<br \/>Kay\u0131tlar\u0131 14-17 A\u011fustos 2025 tarihleri aras\u0131nda yap\u0131lan kurslar, 18 A\u011fustos 2025 itibar\u0131yla ba\u015flad\u0131. Kontenjanla s\u0131n\u0131rl\u0131 olan y\u00fczme kursuna aileler yo\u011fun ilgi g\u00f6sterdi. Kurs kapsam\u0131nda \u00e7ocuklara temel y\u00fczme teknikleri \u00f6\u011fretilirken, ayn\u0131 zamanda su g\u00fcvenli\u011fi konusunda da e\u011fitim veriliyor.<br \/>\n<br \/>Veliler, kurs program\u0131 ve di\u011fer detaylar hakk\u0131nda bilgi almak i\u00e7in 444 48 01 numaral\u0131 telefondan Mu\u011fla B\u00fcy\u00fck\u015fehir Belediyesi\u2019ne ula\u015fabiliyor.<br \/>\n<br \/>\u0130ki \u00e7ocu\u011funu da y\u00fczme kursuna getiren Nergiz G\u00fcld\u00fcr\u00fcm, &#8220;\u00c7ocu\u011fum evde telefon, tabletle ile vakit ge\u00e7irece\u011fine b\u00f6yle bir etkinli\u011fe kat\u0131lmas\u0131ndan memnunum&#8221; dedi.<br \/>\n<br \/>Mu\u011fla B\u00fcy\u00fck\u015fehir Belediyesi\u2019nde y\u00fczme antren\u00f6r\u00fc olan Serhat Y\u0131ld\u0131z, &#8220;Mu\u011fla B\u00fcy\u00fck\u015fehir Belediyesi olarak Yata\u011fan\u2019da hizmete a\u00e7t\u0131\u011f\u0131m\u0131z, Hasan Ha\u015fmet I\u015f\u0131k Y\u00fczme Havuzu ve Spor Tesisleri\u2019nde y\u00fczme kurslar\u0131na ba\u015flad\u0131k. \u00dccretsiz olarak ba\u015flatt\u0131\u011f\u0131m\u0131z kurslar\u0131m\u0131za toplam 120 ba\u015fvuru yap\u0131ld\u0131. Amac\u0131m\u0131z sadece y\u00fczme \u00f6\u011fretmek de\u011fil, sporun g\u00fcnl\u00fck hayat\u0131n bir par\u00e7as\u0131 olmas\u0131n\u0131 hedefliyoruz. Mu\u011fla B\u00fcy\u00fck\u015fehir Belediye Ba\u015fkan\u0131m\u0131z Say\u0131n Ahmet Aras\u2019\u0131n spora verdi\u011fi \u00f6nem do\u011frultusunda da kurslar\u0131m\u0131za devam edece\u011fiz&#8221; dedi.<br \/>\n<br \/>K\u0131y\u0131 Ege Belediyeler Birli\u011fi ve Mu\u011fla B\u00fcy\u00fck\u015fehir Belediye Ba\u015fkan\u0131 Ahmet Aras, \u00e7ocuklar\u0131n erken ya\u015fta sporla tan\u0131\u015fmas\u0131n\u0131n \u00f6nemine dikkat \u00e7ekti. Ba\u015fkan Aras; \u00e7ocuklar\u0131n hem sa\u011fl\u0131kl\u0131 b\u00fcy\u00fcmeleri, hem de sporla i\u00e7 i\u00e7e olmalar\u0131 i\u00e7in her zaman yanlar\u0131nda olduklar\u0131n\u0131, y\u00fczme kurslar\u0131 ile onlar\u0131n g\u00fcvenli bir \u015fekilde y\u00fczme \u00f6\u011frenmelerini, \u00f6zg\u00fcven kazanmalar\u0131n\u0131 ve spor al\u0131\u015fkanl\u0131\u011f\u0131 edinmelerini ama\u00e7lad\u0131klar\u0131n\u0131 a\u00e7\u0131klad\u0131.<br \/><\/p>\n","protected":false},"excerpt":{"rendered":"<p>Mu\u011fla B\u00fcy\u00fck\u015fehir Belediyesi\u2019ne ait Yata\u011fan Hasan Ha\u015fmet I\u015f\u0131k Y\u00fczme Havuzu ve Sosyal Tesislerinde ger\u00e7ekle\u015ftirilen \u00fccretsiz kurslarda, 6-12 ya\u015f grubundaki \u00e7ocuklar uzman e\u011fitmenler e\u015fli\u011finde y\u00fczme e\u011fitimi al\u0131yor. Kay\u0131tlar\u0131 14-17 A\u011fustos 2025 tarihleri aras\u0131nda yap\u0131lan kurslar, 18 A\u011fustos 2025 itibar\u0131yla ba\u015flad\u0131. Kontenjanla s\u0131n\u0131rl\u0131 olan y\u00fczme kursuna aileler yo\u011fun ilgi g\u00f6sterdi. Kurs kapsam\u0131nda \u00e7ocuklara temel y\u00fczme teknikleri \u00f6\u011fretilirken,&#8230;<\/p>\n","protected":false},"author":1,"featured_media":50054,"comment_status":"open","ping_status":"open","sticky":false,"template":"","format":"standard","meta":{"_crdt_document":"","footnotes":""},"categories":[4],"tags":[],"class_list":["post-50053","post","type-post","status-publish","format-standard","has-post-thumbnail","hentry","category-spor"],"_links":{"self":[{"href":"https:\/\/www.egemtv.com\/index.php?rest_route=\/wp\/v2\/posts\/50053","targetHints":{"allow":["GET"]}}],"collection":[{"href":"https:\/\/www.egemtv.com\/index.php?rest_route=\/wp\/v2\/posts"}],"about":[{"href":"https:\/\/www.egemtv.com\/index.php?rest_route=\/wp\/v2\/types\/post"}],"author":[{"embeddable":true,"href":"https:\/\/www.egemtv.com\/index.php?rest_route=\/wp\/v2\/users\/1"}],"replies":[{"embeddable":true,"href":"https:\/\/www.egemtv.com\/index.php?rest_route=%2Fwp%2Fv2%2Fcomments&post=50053"}],"version-history":[{"count":1,"href":"https:\/\/www.egemtv.com\/index.php?rest_route=\/wp\/v2\/posts\/50053\/revisions"}],"predecessor-version":[{"id":50055,"href":"https:\/\/www.egemtv.com\/index.php?rest_route=\/wp\/v2\/posts\/50053\/revisions\/50055"}],"wp:featuredmedia":[{"embeddable":true,"href":"https:\/\/www.egemtv.com\/index.php?rest_route=\/wp\/v2\/media\/50054"}],"wp:attachment":[{"href":"https:\/\/www.egemtv.com\/index.php?rest_route=%2Fwp%2Fv2%2Fmedia&parent=50053"}],"wp:term":[{"taxonomy":"category","embeddable":true,"href":"https:\/\/www.egemtv.com\/index.php?rest_route=%2Fwp%2Fv2%2Fcategories&post=50053"},{"taxonomy":"post_tag","embeddable":true,"href":"https:\/\/www.egemtv.com\/index.php?rest_route=%2Fwp%2Fv2%2Ftags&post=50053"}],"curies":[{"name":"wp","href":"https:\/\/api.w.org\/{rel}","templated":true}]}}