{"id":50050,"date":"2025-08-20T15:36:07","date_gmt":"2025-08-20T12:36:07","guid":{"rendered":"https:\/\/www.egemtv.com\/?p=50050"},"modified":"2025-08-20T15:36:09","modified_gmt":"2025-08-20T12:36:09","slug":"abartili-egzozlu-motosiklet-trafikten-men-edilirken-surucuye-11-bin-lira-ceza-kesildi","status":"publish","type":"post","link":"https:\/\/www.egemtv.com\/?p=50050","title":{"rendered":"Abart\u0131l\u0131 egzozlu motosiklet trafikten men edilirken, s\u00fcr\u00fcc\u00fcye 11 bin lira ceza kesildi"},"content":{"rendered":"<p>Denizli\u2019de gece saatlerinde bir vatanda\u015f\u0131n sosyal medyada payla\u015ft\u0131\u011f\u0131 abart\u0131l\u0131 egzozlu motosiklet g\u00f6r\u00fcnt\u00fcleri \u00fczerine Emniyet ekipleri taraf\u0131ndan yap\u0131lan \u00e7al\u0131\u015fmalarda yakaland\u0131. Yakalanan motosiklet s\u00fcr\u00fcc\u00fcs\u00fcn\u00fcn egzozlu ara\u00e7 kulland\u0131\u011f\u0131 hem de k\u0131rm\u0131z\u0131 \u0131\u015f\u0131k ihlali yapt\u0131\u011f\u0131 tespit edilerek motosikleti hem trafikten men edildi hem de  11 bin 434 TL idari para cezas\u0131 uyguland\u0131.<\/p>\n<p>Denizli\u2019de bir vatanda\u015flar abart\u0131 egzozlu motosiklet sesinden rahats\u0131z olarak cep telefonu ile gece saatlerinde \u00e7ekti\u011fi g\u00f6r\u00fcnt\u00fcleri sosyal medya hesab\u0131nda payla\u015ft\u0131. Denizli \u0130l Emniyet M\u00fcd\u00fcrl\u00fc\u011f\u00fc Trafik Denetleme \u015eube M\u00fcd\u00fcrl\u00fc\u011f\u00fc ekipleri taraf\u0131ndan yap\u0131lan \u00e7al\u0131\u015fmalar sonucunda, motosiklet s\u00fcr\u00fcc\u00fcs\u00fcn\u00fcn hem abart\u0131 egzozlu ara\u00e7 kulland\u0131\u011f\u0131 hem de k\u0131rm\u0131z\u0131 \u0131\u015f\u0131k ihlali yapt\u0131\u011f\u0131 tespit edildi. Yap\u0131lan aramalar sonucunda motosiklet s\u00fcr\u00fcc\u00fcs\u00fc yakaland\u0131. Trafik g\u00fcvenli\u011fe tehlikeye atan davran\u0131\u015flar nedeniyle 2918 say\u0131l\u0131 Karayollar\u0131 Trafik Kanunu\u2019nun \u00e7e\u015fitli maddelerince toplam 11 bin 434 TL idari para cezas\u0131 uyguland\u0131. Ayn\u0131 zamanda motosiklet trafikten men edilerek otoparka \u00e7ekildi.<br \/><\/p>\n","protected":false},"excerpt":{"rendered":"<p>Denizli\u2019de gece saatlerinde bir vatanda\u015f\u0131n sosyal medyada payla\u015ft\u0131\u011f\u0131 abart\u0131l\u0131 egzozlu motosiklet g\u00f6r\u00fcnt\u00fcleri \u00fczerine Emniyet ekipleri taraf\u0131ndan yap\u0131lan \u00e7al\u0131\u015fmalarda yakaland\u0131. Yakalanan motosiklet s\u00fcr\u00fcc\u00fcs\u00fcn\u00fcn egzozlu ara\u00e7 kulland\u0131\u011f\u0131 hem de k\u0131rm\u0131z\u0131 \u0131\u015f\u0131k ihlali yapt\u0131\u011f\u0131 tespit edilerek motosikleti hem trafikten men edildi hem de 11 bin 434 TL idari para cezas\u0131 uyguland\u0131. Denizli\u2019de bir vatanda\u015flar abart\u0131 egzozlu motosiklet sesinden&#8230;<\/p>\n","protected":false},"author":1,"featured_media":50051,"comment_status":"open","ping_status":"open","sticky":false,"template":"","format":"standard","meta":{"_crdt_document":"","footnotes":""},"categories":[5],"tags":[],"class_list":["post-50050","post","type-post","status-publish","format-standard","has-post-thumbnail","hentry","category-asayis"],"_links":{"self":[{"href":"https:\/\/www.egemtv.com\/index.php?rest_route=\/wp\/v2\/posts\/50050","targetHints":{"allow":["GET"]}}],"collection":[{"href":"https:\/\/www.egemtv.com\/index.php?rest_route=\/wp\/v2\/posts"}],"about":[{"href":"https:\/\/www.egemtv.com\/index.php?rest_route=\/wp\/v2\/types\/post"}],"author":[{"embeddable":true,"href":"https:\/\/www.egemtv.com\/index.php?rest_route=\/wp\/v2\/users\/1"}],"replies":[{"embeddable":true,"href":"https:\/\/www.egemtv.com\/index.php?rest_route=%2Fwp%2Fv2%2Fcomments&post=50050"}],"version-history":[{"count":1,"href":"https:\/\/www.egemtv.com\/index.php?rest_route=\/wp\/v2\/posts\/50050\/revisions"}],"predecessor-version":[{"id":50052,"href":"https:\/\/www.egemtv.com\/index.php?rest_route=\/wp\/v2\/posts\/50050\/revisions\/50052"}],"wp:featuredmedia":[{"embeddable":true,"href":"https:\/\/www.egemtv.com\/index.php?rest_route=\/wp\/v2\/media\/50051"}],"wp:attachment":[{"href":"https:\/\/www.egemtv.com\/index.php?rest_route=%2Fwp%2Fv2%2Fmedia&parent=50050"}],"wp:term":[{"taxonomy":"category","embeddable":true,"href":"https:\/\/www.egemtv.com\/index.php?rest_route=%2Fwp%2Fv2%2Fcategories&post=50050"},{"taxonomy":"post_tag","embeddable":true,"href":"https:\/\/www.egemtv.com\/index.php?rest_route=%2Fwp%2Fv2%2Ftags&post=50050"}],"curies":[{"name":"wp","href":"https:\/\/api.w.org\/{rel}","templated":true}]}}