{"id":50047,"date":"2025-08-20T15:15:02","date_gmt":"2025-08-20T12:15:02","guid":{"rendered":"https:\/\/www.egemtv.com\/?p=50047"},"modified":"2025-08-20T15:15:03","modified_gmt":"2025-08-20T12:15:03","slug":"buyuksehirden-yaz-konserlerine-davet","status":"publish","type":"post","link":"https:\/\/www.egemtv.com\/?p=50047","title":{"rendered":"B\u00fcy\u00fck\u015fehir\u2019den Yaz Konserleri\u2019ne davet"},"content":{"rendered":"<p>Ayd\u0131n B\u00fcy\u00fck\u015fehir Belediyesi, t\u00fcm Ayd\u0131nl\u0131lar\u0131 Efeler il\u00e7esinde bug\u00fcn yap\u0131lacak olan Yaz Konserleri\u2019ne davet etti.<br \/>\n<br \/>Ayd\u0131n B\u00fcy\u00fck\u015fehir Belediyesi, vatanda\u015flar\u0131 sosyal ve k\u00fclt\u00fcrel etkinliklerle bulu\u015fturmaya devam ediyor. Bu \u00e7er\u00e7evede her y\u0131l d\u00fczenlenen \u2018Yaz Konserleri\u2019 bu y\u0131l da Ayd\u0131n\u2019da devam ediyor. Efeler il\u00e7esinde 20 A\u011fustos \u00c7ar\u015famba saat 21.30\u2019da \u00c7e\u015ftepe Meydan\u0131\u2019nda ba\u015flayacak olan konsere t\u00fcm vatanda\u015flar\u0131 davet eden Ayd\u0131n B\u00fcy\u00fck\u015fehir Belediyesi, yapt\u0131\u011f\u0131 sosyal medya payla\u015f\u0131m\u0131nda &#8220;Ayd\u0131n B\u00fcy\u00fck\u015fehir Belediyesi Konservatuvar\u0131m\u0131z\u0131n sahne alaca\u011f\u0131 Yaz Konserlerimizde bulu\u015fuyoruz. T\u00fcm halk\u0131m\u0131z davetlidir&#8221; ifadeleri yer ald\u0131. T\u00fcrk sanat m\u00fczi\u011finden T\u00fcrk halk m\u00fczi\u011fine ve pop m\u00fczi\u011fe kadar geni\u015f bir repertuar\u0131n yer alaca\u011f\u0131 \u2018Yaz Konserleri\u2019nde vatanda\u015flar g\u00fcn\u00fcn stresini m\u00fczikle atacak.<br \/><\/p>\n","protected":false},"excerpt":{"rendered":"<p>Ayd\u0131n B\u00fcy\u00fck\u015fehir Belediyesi, t\u00fcm Ayd\u0131nl\u0131lar\u0131 Efeler il\u00e7esinde bug\u00fcn yap\u0131lacak olan Yaz Konserleri\u2019ne davet etti. Ayd\u0131n B\u00fcy\u00fck\u015fehir Belediyesi, vatanda\u015flar\u0131 sosyal ve k\u00fclt\u00fcrel etkinliklerle bulu\u015fturmaya devam ediyor. Bu \u00e7er\u00e7evede her y\u0131l d\u00fczenlenen \u2018Yaz Konserleri\u2019 bu y\u0131l da Ayd\u0131n\u2019da devam ediyor. Efeler il\u00e7esinde 20 A\u011fustos \u00c7ar\u015famba saat 21.30\u2019da \u00c7e\u015ftepe Meydan\u0131\u2019nda ba\u015flayacak olan konsere t\u00fcm vatanda\u015flar\u0131 davet eden Ayd\u0131n&#8230;<\/p>\n","protected":false},"author":1,"featured_media":50048,"comment_status":"open","ping_status":"open","sticky":false,"template":"","format":"standard","meta":{"_crdt_document":"","footnotes":""},"categories":[1],"tags":[],"class_list":["post-50047","post","type-post","status-publish","format-standard","has-post-thumbnail","hentry","category-guncel"],"_links":{"self":[{"href":"https:\/\/www.egemtv.com\/index.php?rest_route=\/wp\/v2\/posts\/50047","targetHints":{"allow":["GET"]}}],"collection":[{"href":"https:\/\/www.egemtv.com\/index.php?rest_route=\/wp\/v2\/posts"}],"about":[{"href":"https:\/\/www.egemtv.com\/index.php?rest_route=\/wp\/v2\/types\/post"}],"author":[{"embeddable":true,"href":"https:\/\/www.egemtv.com\/index.php?rest_route=\/wp\/v2\/users\/1"}],"replies":[{"embeddable":true,"href":"https:\/\/www.egemtv.com\/index.php?rest_route=%2Fwp%2Fv2%2Fcomments&post=50047"}],"version-history":[{"count":1,"href":"https:\/\/www.egemtv.com\/index.php?rest_route=\/wp\/v2\/posts\/50047\/revisions"}],"predecessor-version":[{"id":50049,"href":"https:\/\/www.egemtv.com\/index.php?rest_route=\/wp\/v2\/posts\/50047\/revisions\/50049"}],"wp:featuredmedia":[{"embeddable":true,"href":"https:\/\/www.egemtv.com\/index.php?rest_route=\/wp\/v2\/media\/50048"}],"wp:attachment":[{"href":"https:\/\/www.egemtv.com\/index.php?rest_route=%2Fwp%2Fv2%2Fmedia&parent=50047"}],"wp:term":[{"taxonomy":"category","embeddable":true,"href":"https:\/\/www.egemtv.com\/index.php?rest_route=%2Fwp%2Fv2%2Fcategories&post=50047"},{"taxonomy":"post_tag","embeddable":true,"href":"https:\/\/www.egemtv.com\/index.php?rest_route=%2Fwp%2Fv2%2Ftags&post=50047"}],"curies":[{"name":"wp","href":"https:\/\/api.w.org\/{rel}","templated":true}]}}