{"id":50044,"date":"2025-08-20T15:15:00","date_gmt":"2025-08-20T12:15:00","guid":{"rendered":"https:\/\/www.egemtv.com\/?p=50044"},"modified":"2025-08-20T15:15:02","modified_gmt":"2025-08-20T12:15:02","slug":"kutahyada-yetenek-taramasinda-548-ogrenci-spora-yonlendirilecek","status":"publish","type":"post","link":"https:\/\/www.egemtv.com\/?p=50044","title":{"rendered":"K\u00fctahya\u2019da yetenek taramas\u0131nda 548 \u00f6\u011frenci spora y\u00f6nlendirilecek"},"content":{"rendered":"<p>K\u00fctahya Gen\u00e7lik ve Spor \u0130l M\u00fcd\u00fcr\u00fc B\u00fclent K\u00fc\u00e7\u00fck, 2024-2025 e\u011fitim \u00f6\u011fretim y\u0131l\u0131nda il genelinde y\u00fcr\u00fct\u00fclen Yetenek Taramas\u0131 sonu\u00e7lar\u0131n\u0131 a\u00e7\u0131klad\u0131.<br \/>\n<br \/>\u0130l M\u00fcd\u00fcr\u00fc K\u00fc\u00e7\u00fck, \u00fc\u00e7\u00fcnc\u00fc s\u0131n\u0131f d\u00fczeyindeki 6 bin 674 \u00f6\u011frenciden 5 bin 400\u2019\u00fcn\u00fcn test ve \u00f6l\u00e7\u00fcmlerden ge\u00e7ti\u011fini, yap\u0131lan de\u011ferlendirmeler sonucunda ise 548 \u00f6\u011frencinin spora \u00f6zel bir yatk\u0131nl\u0131\u011fa sahip oldu\u011funun belirlendi\u011fini duyurdu.<br \/>\n<br \/>ilen \u00f6\u011frenciler aras\u0131ndan il merkezinde belirlenen 301 \u00f6\u011frencinin velileriyle bir araya gelinece\u011fini s\u00f6yleyen K\u00fc\u00e7\u00fck, &#8220;\u00c7ocuklar\u0131m\u0131z\u0131n gelece\u011fini \u015fekillendirecek \u00f6nemli bir bulu\u015fmaya imza at\u0131yoruz. Sporun \u0131\u015f\u0131\u011f\u0131yla parlayan yar\u0131nlar\u0131n in\u015fas\u0131nda, \u00e7ocuklar\u0131m\u0131z\u0131n yeteneklerini en do\u011fru \u015fekilde y\u00f6nlendirmek i\u00e7in ger\u00e7ekle\u015ftirece\u011fimiz bilgilendirme toplant\u0131m\u0131za t\u00fcm velilerimizi davet ediyoruz&#8221; dedi.<br \/><\/p>\n","protected":false},"excerpt":{"rendered":"<p>K\u00fctahya Gen\u00e7lik ve Spor \u0130l M\u00fcd\u00fcr\u00fc B\u00fclent K\u00fc\u00e7\u00fck, 2024-2025 e\u011fitim \u00f6\u011fretim y\u0131l\u0131nda il genelinde y\u00fcr\u00fct\u00fclen Yetenek Taramas\u0131 sonu\u00e7lar\u0131n\u0131 a\u00e7\u0131klad\u0131. \u0130l M\u00fcd\u00fcr\u00fc K\u00fc\u00e7\u00fck, \u00fc\u00e7\u00fcnc\u00fc s\u0131n\u0131f d\u00fczeyindeki 6 bin 674 \u00f6\u011frenciden 5 bin 400\u2019\u00fcn\u00fcn test ve \u00f6l\u00e7\u00fcmlerden ge\u00e7ti\u011fini, yap\u0131lan de\u011ferlendirmeler sonucunda ise 548 \u00f6\u011frencinin spora \u00f6zel bir yatk\u0131nl\u0131\u011fa sahip oldu\u011funun belirlendi\u011fini duyurdu. ilen \u00f6\u011frenciler aras\u0131ndan il merkezinde&#8230;<\/p>\n","protected":false},"author":1,"featured_media":50045,"comment_status":"open","ping_status":"open","sticky":false,"template":"","format":"standard","meta":{"_crdt_document":"","footnotes":""},"categories":[4],"tags":[],"class_list":["post-50044","post","type-post","status-publish","format-standard","has-post-thumbnail","hentry","category-spor"],"_links":{"self":[{"href":"https:\/\/www.egemtv.com\/index.php?rest_route=\/wp\/v2\/posts\/50044","targetHints":{"allow":["GET"]}}],"collection":[{"href":"https:\/\/www.egemtv.com\/index.php?rest_route=\/wp\/v2\/posts"}],"about":[{"href":"https:\/\/www.egemtv.com\/index.php?rest_route=\/wp\/v2\/types\/post"}],"author":[{"embeddable":true,"href":"https:\/\/www.egemtv.com\/index.php?rest_route=\/wp\/v2\/users\/1"}],"replies":[{"embeddable":true,"href":"https:\/\/www.egemtv.com\/index.php?rest_route=%2Fwp%2Fv2%2Fcomments&post=50044"}],"version-history":[{"count":1,"href":"https:\/\/www.egemtv.com\/index.php?rest_route=\/wp\/v2\/posts\/50044\/revisions"}],"predecessor-version":[{"id":50046,"href":"https:\/\/www.egemtv.com\/index.php?rest_route=\/wp\/v2\/posts\/50044\/revisions\/50046"}],"wp:featuredmedia":[{"embeddable":true,"href":"https:\/\/www.egemtv.com\/index.php?rest_route=\/wp\/v2\/media\/50045"}],"wp:attachment":[{"href":"https:\/\/www.egemtv.com\/index.php?rest_route=%2Fwp%2Fv2%2Fmedia&parent=50044"}],"wp:term":[{"taxonomy":"category","embeddable":true,"href":"https:\/\/www.egemtv.com\/index.php?rest_route=%2Fwp%2Fv2%2Fcategories&post=50044"},{"taxonomy":"post_tag","embeddable":true,"href":"https:\/\/www.egemtv.com\/index.php?rest_route=%2Fwp%2Fv2%2Ftags&post=50044"}],"curies":[{"name":"wp","href":"https:\/\/api.w.org\/{rel}","templated":true}]}}