{"id":50041,"date":"2025-08-20T14:55:10","date_gmt":"2025-08-20T11:55:10","guid":{"rendered":"https:\/\/www.egemtv.com\/?p=50041"},"modified":"2025-08-20T14:55:10","modified_gmt":"2025-08-20T11:55:10","slug":"burdurda-otomobil-ile-traktor-carpisti-1i-agir-2-yarali","status":"publish","type":"post","link":"https:\/\/www.egemtv.com\/?p=50041","title":{"rendered":"Burdur\u2019da otomobil ile trakt\u00f6r \u00e7arp\u0131\u015ft\u0131, 1\u2019i a\u011f\u0131r 2 yaral\u0131"},"content":{"rendered":"<p>Burdur\u2019un Bucak il\u00e7esinde ak\u015fam saatlerinde trakt\u00f6r ile otomobilin \u00e7arp\u0131\u015fmas\u0131 sonucu ara\u00e7 i\u00e7erisinde s\u0131k\u0131\u015fan otomobil s\u00fcr\u00fcc\u00fcs\u00fc a\u011f\u0131r yaralan\u0131rken trakt\u00f6r s\u00fcr\u00fcc\u00fcs\u00fc kazada hafif \u015fekilde yaraland\u0131. Kaza an\u0131 \u00e7evredeki bir g\u00fcvenlik kameras\u0131na yans\u0131d\u0131.<br \/>\n<br \/>Kaza saat 20.40 s\u0131ralar\u0131nda Bucak il\u00e7esi Kestel K\u00f6y\u00fc yolunda meydana geldi. Edinilen bilgilere g\u00f6re Yunus B.(30) idaresindeki 15 EB 435 plakal\u0131 Fiat Tofa\u015f marka ara\u00e7 \u0130brahim B. (66) idaresindeki 15 PK 796 plakal\u0131 trakt\u00f6r ile \u00e7arp\u0131\u015ft\u0131. Kazada trakt\u00f6r r\u00f6morkunun alt\u0131na giren otomobil s\u00fcr\u00fcc\u00fcs\u00fc a\u011f\u0131r yaralan\u0131rken trakt\u00f6r s\u00fcr\u00fcc\u00fcs\u00fc \u0130brahim B. ise hafif \u015fekilde yaraland\u0131. \u00c7evredekilerin 112 Acil \u00c7a\u011fr\u0131 Merkezine ihbar\u0131 \u00fczerine olay yerine sa\u011fl\u0131k, itfaiye ve jandarma ekipleri sevk edildi. Olay yerine gelen itfaiye ekiplerinin \u00e7al\u0131\u015fmalar\u0131yla ara\u00e7 i\u00e7erisinde s\u0131k\u0131\u015ft\u0131\u011f\u0131 yerden \u00e7\u0131kar\u0131lan otomobil s\u00fcr\u00fcc\u00fcs\u00fc ve trakt\u00f6r s\u00fcr\u00fcc\u00fcs\u00fc sa\u011fl\u0131k ekiplerinin ilk m\u00fcdahalesinin ard\u0131ndan ambulans ile Bucak Devlet Hastanesi\u2019ne kald\u0131r\u0131ld\u0131.<\/p>\n<p>Kaza an\u0131 g\u00fcvenlik kameras\u0131na yans\u0131d\u0131<br \/>\n<br \/>Kaza an\u0131 \u00e7evrede bulunan bir g\u00fcvenlik kameras\u0131na yans\u0131rken kazada ana yoldan tali yola d\u00f6nmek isteyen trakt\u00f6re otomobilin s\u00fcratle gelerek \u00e7arpt\u0131\u011f\u0131 g\u00f6r\u00fcld\u00fc. Kazayla ilgili inceleme ba\u015flat\u0131l\u0131rken otomobil s\u00fcr\u00fcc\u00fcs\u00fcn\u00fcn hayati tehlikesinin bulundu\u011fu \u00f6\u011frenildi.<br \/><\/p>\n","protected":false},"excerpt":{"rendered":"<p>Burdur\u2019un Bucak il\u00e7esinde ak\u015fam saatlerinde trakt\u00f6r ile otomobilin \u00e7arp\u0131\u015fmas\u0131 sonucu ara\u00e7 i\u00e7erisinde s\u0131k\u0131\u015fan otomobil s\u00fcr\u00fcc\u00fcs\u00fc a\u011f\u0131r yaralan\u0131rken trakt\u00f6r s\u00fcr\u00fcc\u00fcs\u00fc kazada hafif \u015fekilde yaraland\u0131. Kaza an\u0131 \u00e7evredeki bir g\u00fcvenlik kameras\u0131na yans\u0131d\u0131. Kaza saat 20.40 s\u0131ralar\u0131nda Bucak il\u00e7esi Kestel K\u00f6y\u00fc yolunda meydana geldi. Edinilen bilgilere g\u00f6re Yunus B.(30) idaresindeki 15 EB 435 plakal\u0131 Fiat Tofa\u015f marka ara\u00e7&#8230;<\/p>\n","protected":false},"author":1,"featured_media":50042,"comment_status":"open","ping_status":"open","sticky":false,"template":"","format":"standard","meta":{"_crdt_document":"","footnotes":""},"categories":[5],"tags":[],"class_list":["post-50041","post","type-post","status-publish","format-standard","has-post-thumbnail","hentry","category-asayis"],"_links":{"self":[{"href":"https:\/\/www.egemtv.com\/index.php?rest_route=\/wp\/v2\/posts\/50041","targetHints":{"allow":["GET"]}}],"collection":[{"href":"https:\/\/www.egemtv.com\/index.php?rest_route=\/wp\/v2\/posts"}],"about":[{"href":"https:\/\/www.egemtv.com\/index.php?rest_route=\/wp\/v2\/types\/post"}],"author":[{"embeddable":true,"href":"https:\/\/www.egemtv.com\/index.php?rest_route=\/wp\/v2\/users\/1"}],"replies":[{"embeddable":true,"href":"https:\/\/www.egemtv.com\/index.php?rest_route=%2Fwp%2Fv2%2Fcomments&post=50041"}],"version-history":[{"count":1,"href":"https:\/\/www.egemtv.com\/index.php?rest_route=\/wp\/v2\/posts\/50041\/revisions"}],"predecessor-version":[{"id":50043,"href":"https:\/\/www.egemtv.com\/index.php?rest_route=\/wp\/v2\/posts\/50041\/revisions\/50043"}],"wp:featuredmedia":[{"embeddable":true,"href":"https:\/\/www.egemtv.com\/index.php?rest_route=\/wp\/v2\/media\/50042"}],"wp:attachment":[{"href":"https:\/\/www.egemtv.com\/index.php?rest_route=%2Fwp%2Fv2%2Fmedia&parent=50041"}],"wp:term":[{"taxonomy":"category","embeddable":true,"href":"https:\/\/www.egemtv.com\/index.php?rest_route=%2Fwp%2Fv2%2Fcategories&post=50041"},{"taxonomy":"post_tag","embeddable":true,"href":"https:\/\/www.egemtv.com\/index.php?rest_route=%2Fwp%2Fv2%2Ftags&post=50041"}],"curies":[{"name":"wp","href":"https:\/\/api.w.org\/{rel}","templated":true}]}}