{"id":50038,"date":"2025-08-20T14:36:14","date_gmt":"2025-08-20T11:36:14","guid":{"rendered":"https:\/\/www.egemtv.com\/?p=50038"},"modified":"2025-08-20T14:36:14","modified_gmt":"2025-08-20T11:36:14","slug":"aliaga-petkimsporun-2025-2026-sezonu-fiksturu-belli-oldu","status":"publish","type":"post","link":"https:\/\/www.egemtv.com\/?p=50038","title":{"rendered":"Alia\u011fa Petkimspor\u2019un 2025-2026 sezonu fikst\u00fcr\u00fc belli oldu"},"content":{"rendered":"<p>T\u00fcrkiye Sigorta Basketbol S\u00fcper Ligi 2025-2026 sezonu fikst\u00fcr\u00fc \u0130stanbul\u2019da \u00e7ekilen kura ile belirlenirken Alia\u011fa Petkimspor\u2019un da ma\u00e7 takvimi belli oldu.<br \/>\n<br \/>Alia\u011fa Petkimspor, sezonun ilk haftas\u0131nda \u0130zmir derbisinde P\u0131nar Kar\u015f\u0131yaka\u2019y\u0131 konuk edecek. Ligin ikinci haftas\u0131nda Fenerbah\u00e7e Beko deplasman\u0131na gidecek olan \u0130zmir ekibi, \u00fc\u00e7\u00fcnc\u00fc haftada Galatasaray\u2019\u0131 sahas\u0131nda a\u011f\u0131rlayacak.<br \/>\n<br \/>D\u00f6rd\u00fcnc\u00fc haftada T\u00fcrk Telekom deplasman\u0131na \u00e7\u0131kacak olan Petkimspor, be\u015finci haftada Mersin B\u00fcy\u00fck\u015fehir Belediyesi, alt\u0131nc\u0131 haftada B\u00fcy\u00fck\u00e7ekmece Basketbol ve yedinci haftada Esenler Erokspor ile kar\u015f\u0131la\u015facak. Sekizinci haftada Bursaspor\u2019a konuk olacak olan \u0130zmir temsilcisi, dokuzuncu haftada Merkezefendi Belediyesi Basket\u2019i a\u011f\u0131rlayacak.<br \/>\n<br \/>Onuncu haftada A. Efes ile deplasmanda m\u00fccadele edecek Petkimspor, on birinci haftada Trabzonspor\u2019a konuk olacak. On ikinci haftada Manisa B\u00fcy\u00fck\u015fehir Belediyespor\u2019u sahas\u0131nda a\u011f\u0131rlayacak olan Petkimspor, on \u00fc\u00e7\u00fcnc\u00fc haftada Be\u015fikta\u015f, on d\u00f6rd\u00fcnc\u00fc haftada ise Bah\u00e7e\u015fehir Koleji ile deplasmanda kar\u015f\u0131la\u015facak.<br \/>\n<br \/>Sezonun ilk yar\u0131s\u0131, on be\u015finci hafta oynanacak Tofa\u015f ma\u00e7\u0131yla sona erecek.<br \/><\/p>\n","protected":false},"excerpt":{"rendered":"<p>T\u00fcrkiye Sigorta Basketbol S\u00fcper Ligi 2025-2026 sezonu fikst\u00fcr\u00fc \u0130stanbul\u2019da \u00e7ekilen kura ile belirlenirken Alia\u011fa Petkimspor\u2019un da ma\u00e7 takvimi belli oldu. Alia\u011fa Petkimspor, sezonun ilk haftas\u0131nda \u0130zmir derbisinde P\u0131nar Kar\u015f\u0131yaka\u2019y\u0131 konuk edecek. Ligin ikinci haftas\u0131nda Fenerbah\u00e7e Beko deplasman\u0131na gidecek olan \u0130zmir ekibi, \u00fc\u00e7\u00fcnc\u00fc haftada Galatasaray\u2019\u0131 sahas\u0131nda a\u011f\u0131rlayacak. D\u00f6rd\u00fcnc\u00fc haftada T\u00fcrk Telekom deplasman\u0131na \u00e7\u0131kacak olan Petkimspor, be\u015finci&#8230;<\/p>\n","protected":false},"author":1,"featured_media":50039,"comment_status":"open","ping_status":"open","sticky":false,"template":"","format":"standard","meta":{"_crdt_document":"","footnotes":""},"categories":[4],"tags":[],"class_list":["post-50038","post","type-post","status-publish","format-standard","has-post-thumbnail","hentry","category-spor"],"_links":{"self":[{"href":"https:\/\/www.egemtv.com\/index.php?rest_route=\/wp\/v2\/posts\/50038","targetHints":{"allow":["GET"]}}],"collection":[{"href":"https:\/\/www.egemtv.com\/index.php?rest_route=\/wp\/v2\/posts"}],"about":[{"href":"https:\/\/www.egemtv.com\/index.php?rest_route=\/wp\/v2\/types\/post"}],"author":[{"embeddable":true,"href":"https:\/\/www.egemtv.com\/index.php?rest_route=\/wp\/v2\/users\/1"}],"replies":[{"embeddable":true,"href":"https:\/\/www.egemtv.com\/index.php?rest_route=%2Fwp%2Fv2%2Fcomments&post=50038"}],"version-history":[{"count":1,"href":"https:\/\/www.egemtv.com\/index.php?rest_route=\/wp\/v2\/posts\/50038\/revisions"}],"predecessor-version":[{"id":50040,"href":"https:\/\/www.egemtv.com\/index.php?rest_route=\/wp\/v2\/posts\/50038\/revisions\/50040"}],"wp:featuredmedia":[{"embeddable":true,"href":"https:\/\/www.egemtv.com\/index.php?rest_route=\/wp\/v2\/media\/50039"}],"wp:attachment":[{"href":"https:\/\/www.egemtv.com\/index.php?rest_route=%2Fwp%2Fv2%2Fmedia&parent=50038"}],"wp:term":[{"taxonomy":"category","embeddable":true,"href":"https:\/\/www.egemtv.com\/index.php?rest_route=%2Fwp%2Fv2%2Fcategories&post=50038"},{"taxonomy":"post_tag","embeddable":true,"href":"https:\/\/www.egemtv.com\/index.php?rest_route=%2Fwp%2Fv2%2Ftags&post=50038"}],"curies":[{"name":"wp","href":"https:\/\/api.w.org\/{rel}","templated":true}]}}