{"id":50035,"date":"2025-08-20T14:15:44","date_gmt":"2025-08-20T11:15:44","guid":{"rendered":"https:\/\/www.egemtv.com\/?p=50035"},"modified":"2025-08-20T14:15:45","modified_gmt":"2025-08-20T11:15:45","slug":"altayda-ceyhun-gulselam-kampa-katilmadi","status":"publish","type":"post","link":"https:\/\/www.egemtv.com\/?p=50035","title":{"rendered":"Altay\u2019da Ceyhun G\u00fclselam, kampa kat\u0131lmad\u0131"},"content":{"rendered":"<p>Ge\u00e7en sezondan sakatl\u0131\u011f\u0131 devam eden Ceyhun G\u00fclselam\u2019\u0131n tedbir ama\u00e7l\u0131 Altay\u2019\u0131n Afyon kamp\u0131na g\u00f6t\u00fcr\u00fclmedi\u011fi ve tecr\u00fcbeli oyuncunun topsuz \u00e7al\u0131\u015fmalar\u0131n\u0131 \u0130zmir\u2019de s\u00fcrd\u00fcrd\u00fc\u011f\u00fc \u00f6\u011frenildi.<br \/>\n<br \/>TFF 3. Lig 4. Grup ekiplerinden Altay, yeni sezon haz\u0131rl\u0131klar\u0131n\u0131 s\u00fcrd\u00fcr\u00fcyor. \u0130zmir ekibi, \u00fc\u00e7\u00fcnc\u00fc etap kamp \u00e7al\u0131\u015fmalar\u0131 i\u00e7in Afyon\u2019a gitti. Siyah-beyazl\u0131larda tek eksi\u011fin ise 37 ya\u015f\u0131ndaki tecr\u00fcbeli oyuncu Ceyhun G\u00fclselam\u2019\u0131n oldu\u011fu bildirildi. Ge\u00e7en sezon 30 Kas\u0131m\u2019da \u0130zmir\u2019de oynanan \u0130neg\u00f6lspor kar\u015f\u0131la\u015fmas\u0131nda \u00e7apraz ba\u011f sakatl\u0131\u011f\u0131 ya\u015fayan orta saha oyuncusu, yeni sezonla birlikte topsuz \u00e7al\u0131\u015fmalara ba\u015flasa da Afyon kamp\u0131na g\u00f6t\u00fcr\u00fclmedi. Deneyimli oyuncunun hen\u00fcz tam haz\u0131r olmad\u0131\u011f\u0131 ve \u00e7al\u0131\u015fmalar\u0131n\u0131 \u0130zmir\u2019de s\u00fcrd\u00fcrece\u011fi ifade edildi. Tedavi s\u00fcreci devam eden Ceyhun G\u00fclselam\u2019\u0131n ligin ilk haftalar\u0131n\u0131 ka\u00e7\u0131rmas\u0131 bekleniyor. Orta saha oyuncusunun tak\u0131mla \u00e7al\u0131\u015fmalara ba\u015flad\u0131ktan sonra Teknik Direkt\u00f6r Ramazan Kur\u015funlu taraf\u0131ndan zamanla ilk 11\u2019e monte edilece\u011fi kaydedildi.<br \/>\n<br \/>Tecr\u00fcbeli oyuncu, bu sezon forma giymesiyle birlikte kariyerinde ilk kez 3. Lig\u2019de top ko\u015fturmu\u015f olacak.<br \/><\/p>\n","protected":false},"excerpt":{"rendered":"<p>Ge\u00e7en sezondan sakatl\u0131\u011f\u0131 devam eden Ceyhun G\u00fclselam\u2019\u0131n tedbir ama\u00e7l\u0131 Altay\u2019\u0131n Afyon kamp\u0131na g\u00f6t\u00fcr\u00fclmedi\u011fi ve tecr\u00fcbeli oyuncunun topsuz \u00e7al\u0131\u015fmalar\u0131n\u0131 \u0130zmir\u2019de s\u00fcrd\u00fcrd\u00fc\u011f\u00fc \u00f6\u011frenildi. TFF 3. Lig 4. Grup ekiplerinden Altay, yeni sezon haz\u0131rl\u0131klar\u0131n\u0131 s\u00fcrd\u00fcr\u00fcyor. \u0130zmir ekibi, \u00fc\u00e7\u00fcnc\u00fc etap kamp \u00e7al\u0131\u015fmalar\u0131 i\u00e7in Afyon\u2019a gitti. Siyah-beyazl\u0131larda tek eksi\u011fin ise 37 ya\u015f\u0131ndaki tecr\u00fcbeli oyuncu Ceyhun G\u00fclselam\u2019\u0131n oldu\u011fu bildirildi. Ge\u00e7en sezon&#8230;<\/p>\n","protected":false},"author":1,"featured_media":50036,"comment_status":"open","ping_status":"open","sticky":false,"template":"","format":"standard","meta":{"_crdt_document":"","footnotes":""},"categories":[4],"tags":[],"class_list":["post-50035","post","type-post","status-publish","format-standard","has-post-thumbnail","hentry","category-spor"],"_links":{"self":[{"href":"https:\/\/www.egemtv.com\/index.php?rest_route=\/wp\/v2\/posts\/50035","targetHints":{"allow":["GET"]}}],"collection":[{"href":"https:\/\/www.egemtv.com\/index.php?rest_route=\/wp\/v2\/posts"}],"about":[{"href":"https:\/\/www.egemtv.com\/index.php?rest_route=\/wp\/v2\/types\/post"}],"author":[{"embeddable":true,"href":"https:\/\/www.egemtv.com\/index.php?rest_route=\/wp\/v2\/users\/1"}],"replies":[{"embeddable":true,"href":"https:\/\/www.egemtv.com\/index.php?rest_route=%2Fwp%2Fv2%2Fcomments&post=50035"}],"version-history":[{"count":1,"href":"https:\/\/www.egemtv.com\/index.php?rest_route=\/wp\/v2\/posts\/50035\/revisions"}],"predecessor-version":[{"id":50037,"href":"https:\/\/www.egemtv.com\/index.php?rest_route=\/wp\/v2\/posts\/50035\/revisions\/50037"}],"wp:featuredmedia":[{"embeddable":true,"href":"https:\/\/www.egemtv.com\/index.php?rest_route=\/wp\/v2\/media\/50036"}],"wp:attachment":[{"href":"https:\/\/www.egemtv.com\/index.php?rest_route=%2Fwp%2Fv2%2Fmedia&parent=50035"}],"wp:term":[{"taxonomy":"category","embeddable":true,"href":"https:\/\/www.egemtv.com\/index.php?rest_route=%2Fwp%2Fv2%2Fcategories&post=50035"},{"taxonomy":"post_tag","embeddable":true,"href":"https:\/\/www.egemtv.com\/index.php?rest_route=%2Fwp%2Fv2%2Ftags&post=50035"}],"curies":[{"name":"wp","href":"https:\/\/api.w.org\/{rel}","templated":true}]}}