{"id":50029,"date":"2025-08-20T13:55:04","date_gmt":"2025-08-20T10:55:04","guid":{"rendered":"https:\/\/www.egemtv.com\/?p=50029"},"modified":"2025-08-20T13:55:05","modified_gmt":"2025-08-20T10:55:05","slug":"kulada-kavun-hasadi-gerceklesti","status":"publish","type":"post","link":"https:\/\/www.egemtv.com\/?p=50029","title":{"rendered":"Kula\u2019da kavun hasad\u0131 ger\u00e7ekle\u015fti"},"content":{"rendered":"<p>Manisa\u2019n\u0131n Kula il\u00e7esinde protokol\u00fcn kat\u0131l\u0131m\u0131yla kavun hasad\u0131 ger\u00e7ekle\u015ftirildi.<br \/>\n<br \/>Manisa\u2019n\u0131n Kula il\u00e7esine ba\u011fl\u0131 Ayvatlar Mahallesi\u2019nde kavun hasad\u0131 yap\u0131ld\u0131. D\u00fczenlenen hasat program\u0131na Kula Kaymakam\u0131 Talha Altunta\u015f\u2019\u0131n yan\u0131 s\u0131ra il\u00e7e protokol \u00fcyeleri de kat\u0131ld\u0131. Ayvatlar Mahalle Muhtar\u0131 Ali U\u011furlu, k\u00f6yde \u00fcretim yapan \u00e7ift\u00e7ilerle birlikte hasad\u0131 protokol \u00fcyeleriyle payla\u015fmaktan memnuniyet duyduklar\u0131n\u0131 belirterek, &#8220;K\u00f6y\u00fcm\u00fczdeki \u00e7ift\u00e7ilerimizle birlikte kavun hasad\u0131n\u0131 protokol\u00fcm\u00fczle yapmak istedik. Kat\u0131l\u0131mlar\u0131ndan dolay\u0131 Kaymakam\u0131m\u0131z Say\u0131n Talha Altunta\u015f ve protokol \u00fcyelerine te\u015fekk\u00fcr ediyorum&#8221; dedi. Kaymakam Talha Altunta\u015f ise \u00fcreticiye her zaman destek verdiklerini vurgulayarak, &#8220;\u00c7ift\u00e7imizin her zaman yan\u0131nday\u0131z. \u00dcreten, al\u0131n teriyle topra\u011f\u0131 bereketlendiren t\u00fcm \u00e7ift\u00e7ilerimizi tebrik ediyor, bereketli bir sezon diliyorum&#8221; ifadelerini kulland\u0131.<br \/>\n<br \/>Ayvatlar\u2019da ger\u00e7ekle\u015ftirilen kavun hasad\u0131, \u00fcreticiler ile protokol \u00fcyelerini bir araya getirerek bereketli sezonun sevincini payla\u015ft\u0131.<br \/><\/p>\n","protected":false},"excerpt":{"rendered":"<p>Manisa\u2019n\u0131n Kula il\u00e7esinde protokol\u00fcn kat\u0131l\u0131m\u0131yla kavun hasad\u0131 ger\u00e7ekle\u015ftirildi. Manisa\u2019n\u0131n Kula il\u00e7esine ba\u011fl\u0131 Ayvatlar Mahallesi\u2019nde kavun hasad\u0131 yap\u0131ld\u0131. D\u00fczenlenen hasat program\u0131na Kula Kaymakam\u0131 Talha Altunta\u015f\u2019\u0131n yan\u0131 s\u0131ra il\u00e7e protokol \u00fcyeleri de kat\u0131ld\u0131. Ayvatlar Mahalle Muhtar\u0131 Ali U\u011furlu, k\u00f6yde \u00fcretim yapan \u00e7ift\u00e7ilerle birlikte hasad\u0131 protokol \u00fcyeleriyle payla\u015fmaktan memnuniyet duyduklar\u0131n\u0131 belirterek, &#8220;K\u00f6y\u00fcm\u00fczdeki \u00e7ift\u00e7ilerimizle birlikte kavun hasad\u0131n\u0131 protokol\u00fcm\u00fczle yapmak&#8230;<\/p>\n","protected":false},"author":1,"featured_media":50030,"comment_status":"open","ping_status":"open","sticky":false,"template":"","format":"standard","meta":{"_crdt_document":"","footnotes":""},"categories":[1],"tags":[],"class_list":["post-50029","post","type-post","status-publish","format-standard","has-post-thumbnail","hentry","category-guncel"],"_links":{"self":[{"href":"https:\/\/www.egemtv.com\/index.php?rest_route=\/wp\/v2\/posts\/50029","targetHints":{"allow":["GET"]}}],"collection":[{"href":"https:\/\/www.egemtv.com\/index.php?rest_route=\/wp\/v2\/posts"}],"about":[{"href":"https:\/\/www.egemtv.com\/index.php?rest_route=\/wp\/v2\/types\/post"}],"author":[{"embeddable":true,"href":"https:\/\/www.egemtv.com\/index.php?rest_route=\/wp\/v2\/users\/1"}],"replies":[{"embeddable":true,"href":"https:\/\/www.egemtv.com\/index.php?rest_route=%2Fwp%2Fv2%2Fcomments&post=50029"}],"version-history":[{"count":1,"href":"https:\/\/www.egemtv.com\/index.php?rest_route=\/wp\/v2\/posts\/50029\/revisions"}],"predecessor-version":[{"id":50031,"href":"https:\/\/www.egemtv.com\/index.php?rest_route=\/wp\/v2\/posts\/50029\/revisions\/50031"}],"wp:featuredmedia":[{"embeddable":true,"href":"https:\/\/www.egemtv.com\/index.php?rest_route=\/wp\/v2\/media\/50030"}],"wp:attachment":[{"href":"https:\/\/www.egemtv.com\/index.php?rest_route=%2Fwp%2Fv2%2Fmedia&parent=50029"}],"wp:term":[{"taxonomy":"category","embeddable":true,"href":"https:\/\/www.egemtv.com\/index.php?rest_route=%2Fwp%2Fv2%2Fcategories&post=50029"},{"taxonomy":"post_tag","embeddable":true,"href":"https:\/\/www.egemtv.com\/index.php?rest_route=%2Fwp%2Fv2%2Ftags&post=50029"}],"curies":[{"name":"wp","href":"https:\/\/api.w.org\/{rel}","templated":true}]}}