{"id":50026,"date":"2025-08-20T13:55:02","date_gmt":"2025-08-20T10:55:02","guid":{"rendered":"https:\/\/www.egemtv.com\/?p=50026"},"modified":"2025-08-20T13:55:03","modified_gmt":"2025-08-20T10:55:03","slug":"mafodtan-19-agustosa-ozel-fotograf-gosterimi","status":"publish","type":"post","link":"https:\/\/www.egemtv.com\/?p=50026","title":{"rendered":"MAFOD\u2019tan 19 A\u011fustos\u2019a \u00f6zel foto\u011fraf g\u00f6sterimi"},"content":{"rendered":"<p>Manisa Foto\u011fraf Derne\u011fi taraf\u0131ndan 19 A\u011fustos D\u00fcnya Foto\u011fraf\u00e7\u0131l\u0131k G\u00fcn\u00fc dolay\u0131s\u0131yla d\u00fczenlenen &#8220;I\u015f\u0131\u011f\u0131n \u0130zi&#8221; adl\u0131 foto\u011fraf g\u00f6steriminde kat\u0131l\u0131mc\u0131lara hem foto\u011fraf\u00e7\u0131l\u0131k hakk\u0131nda bilgiler verildi hem de ustalar\u0131n objektifinden \u00e7\u0131kan foto\u011fraflarla anlat\u0131mlar yap\u0131ld\u0131.<br \/>\n<br \/>Manisa\u2019n\u0131n tan\u0131t\u0131m\u0131 ve turizmine foto\u011fraf\u00e7\u0131l\u0131k y\u00f6n\u00fcnden b\u00fcy\u00fck katk\u0131lar sunan Manisa Foto\u011fraf Derne\u011fi 19 A\u011fustos D\u00fcnya Foto\u011fraf\u00e7\u0131l\u0131k G\u00fcn\u00fc\u2019ne \u00f6zel etkinlik d\u00fczenledi. Manisa M\u00fczesinde d\u00fczenlenen ve 17 usta foto\u011fraf\u00e7\u0131n\u0131n sunum yapt\u0131\u011f\u0131 &#8220;I\u015f\u0131\u011f\u0131n \u0130zi&#8221; adl\u0131 foto\u011fraf g\u00f6steriminde kat\u0131l\u0131mc\u0131lara hem foto\u011fraf\u00e7\u0131l\u0131k hakk\u0131nda bilgiler verildi hem de ustalar\u0131n objektifinden \u00e7\u0131kan foto\u011fraflarla anlat\u0131mlar yap\u0131ld\u0131.<br \/>\n<br \/>Etkinlikte konu\u015fan Manisa Foto\u011fraf Derne\u011fi Ba\u015fkan\u0131 Nazmi \u00c7aykara, &#8220;Hepimiz bizden \u00f6ncekilerin bize b\u0131rakt\u0131\u011f\u0131; bizim de sonrakilere ta\u015f\u0131makla m\u00fckellef oldu\u011fumuz bir miras\u0131n sahibi, par\u00e7as\u0131 ve devam\u0131y\u0131z. Objektiflerimizi toplumsal ger\u00e7ekli\u011fe \u00e7evirerek; sessiz b\u0131rak\u0131lanlar\u0131, g\u00f6z ard\u0131 edilenleri, varolu\u015f m\u00fccadelesi verenleri, unutulanlar\u0131, sevgiyi, umudu, eme\u011fi, hayat\u0131 \u0131\u015f\u0131\u011fa ta\u015f\u0131maya \u00e7al\u0131\u015ft\u0131k. Foto\u011fraf\u0131 kolektif t\u00fcketim arac\u0131 olarak g\u00f6rmeyip; arkas\u0131nda zihinsel bir faaliyetin, rafine bir eme\u011fin yakla\u015f\u0131m\u0131 bulundu\u011fu ger\u00e7e\u011fiyle D\u00fcnya Foto\u011fraf\u00e7\u0131l\u0131k G\u00fcn\u00fc kutlu olsun. Manisa M\u00fczesi\u2019nde ger\u00e7ekle\u015ftirdi\u011fimiz etkinli\u011fimize destekleri i\u00e7in \u0130l K\u00fclt\u00fcr ve Turizm M\u00fcd\u00fcr\u00fcm\u00fcz \u0130brahim Sudak\u2019a te\u015fekk\u00fcr ederim&#8221; dedi.<br \/><\/p>\n","protected":false},"excerpt":{"rendered":"<p>Manisa Foto\u011fraf Derne\u011fi taraf\u0131ndan 19 A\u011fustos D\u00fcnya Foto\u011fraf\u00e7\u0131l\u0131k G\u00fcn\u00fc dolay\u0131s\u0131yla d\u00fczenlenen &#8220;I\u015f\u0131\u011f\u0131n \u0130zi&#8221; adl\u0131 foto\u011fraf g\u00f6steriminde kat\u0131l\u0131mc\u0131lara hem foto\u011fraf\u00e7\u0131l\u0131k hakk\u0131nda bilgiler verildi hem de ustalar\u0131n objektifinden \u00e7\u0131kan foto\u011fraflarla anlat\u0131mlar yap\u0131ld\u0131. Manisa\u2019n\u0131n tan\u0131t\u0131m\u0131 ve turizmine foto\u011fraf\u00e7\u0131l\u0131k y\u00f6n\u00fcnden b\u00fcy\u00fck katk\u0131lar sunan Manisa Foto\u011fraf Derne\u011fi 19 A\u011fustos D\u00fcnya Foto\u011fraf\u00e7\u0131l\u0131k G\u00fcn\u00fc\u2019ne \u00f6zel etkinlik d\u00fczenledi. Manisa M\u00fczesinde d\u00fczenlenen ve 17&#8230;<\/p>\n","protected":false},"author":1,"featured_media":50027,"comment_status":"open","ping_status":"open","sticky":false,"template":"","format":"standard","meta":{"_crdt_document":"","footnotes":""},"categories":[1],"tags":[],"class_list":["post-50026","post","type-post","status-publish","format-standard","has-post-thumbnail","hentry","category-guncel"],"_links":{"self":[{"href":"https:\/\/www.egemtv.com\/index.php?rest_route=\/wp\/v2\/posts\/50026","targetHints":{"allow":["GET"]}}],"collection":[{"href":"https:\/\/www.egemtv.com\/index.php?rest_route=\/wp\/v2\/posts"}],"about":[{"href":"https:\/\/www.egemtv.com\/index.php?rest_route=\/wp\/v2\/types\/post"}],"author":[{"embeddable":true,"href":"https:\/\/www.egemtv.com\/index.php?rest_route=\/wp\/v2\/users\/1"}],"replies":[{"embeddable":true,"href":"https:\/\/www.egemtv.com\/index.php?rest_route=%2Fwp%2Fv2%2Fcomments&post=50026"}],"version-history":[{"count":1,"href":"https:\/\/www.egemtv.com\/index.php?rest_route=\/wp\/v2\/posts\/50026\/revisions"}],"predecessor-version":[{"id":50028,"href":"https:\/\/www.egemtv.com\/index.php?rest_route=\/wp\/v2\/posts\/50026\/revisions\/50028"}],"wp:featuredmedia":[{"embeddable":true,"href":"https:\/\/www.egemtv.com\/index.php?rest_route=\/wp\/v2\/media\/50027"}],"wp:attachment":[{"href":"https:\/\/www.egemtv.com\/index.php?rest_route=%2Fwp%2Fv2%2Fmedia&parent=50026"}],"wp:term":[{"taxonomy":"category","embeddable":true,"href":"https:\/\/www.egemtv.com\/index.php?rest_route=%2Fwp%2Fv2%2Fcategories&post=50026"},{"taxonomy":"post_tag","embeddable":true,"href":"https:\/\/www.egemtv.com\/index.php?rest_route=%2Fwp%2Fv2%2Ftags&post=50026"}],"curies":[{"name":"wp","href":"https:\/\/api.w.org\/{rel}","templated":true}]}}